{"id":27100,"date":"2022-05-12T09:07:12","date_gmt":"2022-05-12T14:07:12","guid":{"rendered":"https:\/\/encuentroinformativo.com.mx\/?p=27100"},"modified":"2022-05-12T09:07:15","modified_gmt":"2022-05-12T14:07:15","slug":"pepe-y-dante","status":"publish","type":"post","link":"https:\/\/encuentroinformativo.com.mx\/?p=27100","title":{"rendered":"Pepe y Dante"},"content":{"rendered":"\n<p><strong>Los Pol\u00edticos<\/strong><\/p>\n\n\n\n<p><strong>Salvador Mu\u00f1oz<\/strong><\/p>\n\n\n\n<p>Contrario a la idea de que la Oposici\u00f3n abandere a un ciudadano ajeno a siglas, colores o filias, hay quienes apuestan por el Pol\u00edtico de Carrera con el plus de que es conocida su trayectoria as\u00ed como su trabajo en los cargos desempe\u00f1ados, lo que le da el valor para considerarlo entre los posibles candidatos de esa alianza de partidos con miras al 2024 enfocados en Veracruz.<\/p>\n\n\n\n<p>Hay dos nombres que marcan la pauta para encabezar esta alianza al 2024, de acuerdo a los comentarios que el que escribe, recibi\u00f3: Pepe Yunes Zorrilla y Dante Delgado.<\/p>\n\n\n\n<p>Por principio de cuentas, hay entre los mismos pri\u00edstas quienes de antemano, descartan al diputado federal por Coatepec, al recordar que en la pasada elecci\u00f3n por la gubernatura, qued\u00f3 en tercer lugar con un poco arriba de los 500 mil votos.<\/p>\n\n\n\n<p>En descargo del perote\u00f1o, hay que citar que al menos en lo que va de este siglo, el PRI en esa elecci\u00f3n hizo uso de su mejor carta de presentaci\u00f3n, de su mejor pol\u00edtico, quiz\u00e1s del mejor preparado, incluso, hablando en t\u00e9rminos cuatrote\u00edstas, el m\u00e1s honesto\u2026 pero lo llev\u00f3 en el peor momento de su historia pol\u00edtica\u2026 del partido, no de Pepe.<\/p>\n\n\n\n<p>Igual, en descargo del perote\u00f1o, bien vale la pena recordar que ninguna elecci\u00f3n es igual a la anterior y el mejor ejemplo de ello, casi inmediato, bien puede ser el mismo Cuitl\u00e1huac Garc\u00eda Jim\u00e9nez.<\/p>\n\n\n\n<p>Hay que recordar que en el 2016, el xalape\u00f1o compiti\u00f3 por primera vez para contender por la Gubernatura de Veracruz\u2026 \u00bfrecuerdan en qu\u00e9 lugar qued\u00f3? \u00a1Exacto! En tercer lugar con 800 mil votos\u2026<\/p>\n\n\n\n<p>Dos a\u00f1os despu\u00e9s, reaparece Cuitl\u00e1huac en las boletas y se lleva la Gubernatura con m\u00e1s de 1 mill\u00f3n 600 mil votos seguido de Miguel \u00c1ngel Yunes M\u00e1rquez con 1 mill\u00f3n 400 mil votos\u2026<\/p>\n\n\n\n<p>\u00a1Ojo! Porque en esa elecci\u00f3n, ya se hab\u00eda dado la alianza PAN con Movimiento Ciudadano acompa\u00f1ados del PRD\u2026<\/p>\n\n\n\n<p>En conclusi\u00f3n: quien d\u00e9 por muerto a Pepe Yunes Zorrilla por la derrota sufrida en el 2018, puede que est\u00e9 equivocado\u2026 aunque\u2026<\/p>\n\n\n\n<p>El caso de Dante es sui generis: es considerado como uno de los Gobernadores que mayor obra gener\u00f3 \u00a1en cuatro a\u00f1os! Tan as\u00ed que muchas de \u00e9stas son emblem\u00e1ticas como el Acuario de Veracruz o el Congreso del Estado y ya ni se diga de la obra carretera como la de Alto Lucero\u2026<\/p>\n\n\n\n<p>En el 2004, si no mal se recuerda, compite por primera vez por la Gubernatura en una elecci\u00f3n muy apretada donde T\u00edo Fide se la lleva seguido de Gerardo Buganza y en tercer lugar, el alvarade\u00f1o con decorosos 700 mil votos yendo en alianza con PRD y PT con su entonces Convergencia por la Democracia.<\/p>\n\n\n\n<p>En el 2010, regresa por la revancha con la misma f\u00f3rmula, pero bajaron sus bonos y sus votos a 400 mil\u2026<\/p>\n\n\n\n<p>Es claro que Dante Delgado es bien recordado y est\u00e1 m\u00e1s claro que hay muchos que quisieran verlo compitiendo por la Gubernatura\u2026 pero la pregunta ser\u00eda si Dante apostar\u00eda a \u201cla tercera es la vencida\u201d&#8230; porque hasta donde se ve en su Movimiento Ciudadano, parece que a lo que le tira es al Relevo Generacional\u2026<\/p>\n\n\n\n<p>Aunque bien dec\u00eda T\u00edo Fide: el que respira, aspira\u2026 y ojo, porque hasta este momento, ninguno de los Yunes azules ha dicho esta boca es m\u00eda\u2026 y si nos atenemos a esa vocaci\u00f3n que parece tener Dante Delgado por dar oportunidad a los j\u00f3venes, la otra pregunta entonces ser\u00eda: por qui\u00e9n apostar\u00eda el alvarade\u00f1o: por un Fernando, Miguel \u00c1ngel o Pepe\u2026 claro, si es que Movimiento Ciudadano le entra a la alianza PAN, PRD y PRI\u2026<\/p>\n\n\n\n<p><a href=\"mailto:smcainito@gmail.com\" target=\"_blank\" rel=\"noreferrer noopener\">smcainito@gmail.com<\/a><\/p>\n","protected":false},"excerpt":{"rendered":"<p>Los Pol\u00edticos Salvador Mu\u00f1oz Contrario a la idea de que la Oposici\u00f3n abandere a un ciudadano ajeno a siglas, colores o filias, hay quienes apuestan por el Pol\u00edtico de Carrera con el plus de que es conocida su trayectoria as\u00ed como su trabajo en los cargos desempe\u00f1ados, lo que le da el valor para considerarlo [&hellip;]<\/p>\n","protected":false},"author":1,"featured_media":387,"comment_status":"open","ping_status":"open","sticky":false,"template":"","format":"standard","meta":{"_jetpack_memberships_contains_paid_content":false,"footnotes":""},"categories":[11],"tags":[],"class_list":["post-27100","post","type-post","status-publish","format-standard","has-post-thumbnail","hentry","category-opinion"],"jetpack_featured_media_url":"https:\/\/encuentroinformativo.com.mx\/wp-content\/uploads\/2020\/03\/7CF8A22B-2764-47BE-8F7F-38FE9E5D6A2F.jpeg","jetpack_sharing_enabled":true,"jetpack_likes_enabled":true,"amp_enabled":true,"_links":{"self":[{"href":"https:\/\/encuentroinformativo.com.mx\/index.php?rest_route=\/wp\/v2\/posts\/27100","targetHints":{"allow":["GET"]}}],"collection":[{"href":"https:\/\/encuentroinformativo.com.mx\/index.php?rest_route=\/wp\/v2\/posts"}],"about":[{"href":"https:\/\/encuentroinformativo.com.mx\/index.php?rest_route=\/wp\/v2\/types\/post"}],"author":[{"embeddable":true,"href":"https:\/\/encuentroinformativo.com.mx\/index.php?rest_route=\/wp\/v2\/users\/1"}],"replies":[{"embeddable":true,"href":"https:\/\/encuentroinformativo.com.mx\/index.php?rest_route=%2Fwp%2Fv2%2Fcomments&post=27100"}],"version-history":[{"count":1,"href":"https:\/\/encuentroinformativo.com.mx\/index.php?rest_route=\/wp\/v2\/posts\/27100\/revisions"}],"predecessor-version":[{"id":27101,"href":"https:\/\/encuentroinformativo.com.mx\/index.php?rest_route=\/wp\/v2\/posts\/27100\/revisions\/27101"}],"wp:featuredmedia":[{"embeddable":true,"href":"https:\/\/encuentroinformativo.com.mx\/index.php?rest_route=\/wp\/v2\/media\/387"}],"wp:attachment":[{"href":"https:\/\/encuentroinformativo.com.mx\/index.php?rest_route=%2Fwp%2Fv2%2Fmedia&parent=27100"}],"wp:term":[{"taxonomy":"category","embeddable":true,"href":"https:\/\/encuentroinformativo.com.mx\/index.php?rest_route=%2Fwp%2Fv2%2Fcategories&post=27100"},{"taxonomy":"post_tag","embeddable":true,"href":"https:\/\/encuentroinformativo.com.mx\/index.php?rest_route=%2Fwp%2Fv2%2Ftags&post=27100"}],"curies":[{"name":"wp","href":"https:\/\/api.w.org\/{rel}","templated":true}]}}