{"id":27112,"date":"2022-05-12T13:39:38","date_gmt":"2022-05-12T18:39:38","guid":{"rendered":"https:\/\/encuentroinformativo.com.mx\/?p=27112"},"modified":"2022-05-12T13:39:42","modified_gmt":"2022-05-12T18:39:42","slug":"con-bloqueos-reclaman-docentes-para-kinder","status":"publish","type":"post","link":"https:\/\/encuentroinformativo.com.mx\/?p=27112","title":{"rendered":"Con bloqueos, reclaman docentes para k\u00ednder"},"content":{"rendered":"\n<p><strong>Juan Arcos<\/strong><\/p>\n\n\n\n<p>Xalapa, Ver.- Padres de familia del jard\u00edn de ni\u00f1os \u201cXochipilli\u201d bloquearon la carretera Almolonga-Tepetates, con direcci\u00f3n a Naolinco, para exigir la designaci\u00f3n de un profesor.<\/p>\n\n\n\n<p>Los quejosos cerraron la v\u00eda de comunicaci\u00f3n alrededor de las ocho de la ma\u00f1ana, para denunciar que los menores no han tenido maestra o maestro en lo que va del ciclo escolar.<\/p>\n\n\n\n<p>De acuerdo con los inconformes, quienes solicitaron el anonimato, los menores se est\u00e1n viendo afectados acad\u00e9micamente por la falta de docentes en el plantel, ubicado en la localidad Vicente Guerrero, municipio de Tepetl\u00e1n.<\/p>\n\n\n\n<p>\u201cHace algunos meses han estado sin maestro, una fue por la pandemia y posteriormente la maestra encargada de segundo estaba embarazada y le dieron su incapacidad, la cuesti\u00f3n es que ten\u00eda que regresar en mayo y no regres\u00f3\u201d, expresaron.<\/p>\n\n\n\n<p>Una patrulla de la Polic\u00eda Municipal de Tepetl\u00e1n arrib\u00f3 al sitio del bloqueo para atender a las madres y padres de familia.\u00a0<br>Posteriormente, los servidores p\u00fablicos trasladaron a algunos de los manifestantes a las oficinas centrales de la Secretar\u00eda de Educaci\u00f3n de Veracruz (SEV), en esta ciudad de Xalapa, para que las autoridades correspondientes dieran seguimiento a sus demandas.<\/p>\n\n\n\n<p>\u201cBaj\u00f3 una patrulla del municipio y llev\u00f3 a las encargadas a la SEV que sea que se arreglara eso pero ya han movido y no les han hecho caso de traerles a un maestro\u201d, enfatizaron.<\/p>\n\n\n\n<p>Tras la protesta, los padres de familia lograron que las autoridades educativas se comprometieran a que el pr\u00f3ximo martes se presentar\u00e1 la nueva maestra o maestro en el jard\u00edn de ni\u00f1os mencionado.<\/p>\n\n\n\n<figure class=\"wp-block-image size-large\"><img loading=\"lazy\" decoding=\"async\" width=\"960\" height=\"720\" src=\"https:\/\/encuentroinformativo.com.mx\/wp-content\/uploads\/2022\/05\/C05795FF-93C9-47B1-9FF2-A853B4B5EC58.jpeg\" alt=\"\" class=\"wp-image-27114\" srcset=\"https:\/\/encuentroinformativo.com.mx\/wp-content\/uploads\/2022\/05\/C05795FF-93C9-47B1-9FF2-A853B4B5EC58.jpeg 960w, https:\/\/encuentroinformativo.com.mx\/wp-content\/uploads\/2022\/05\/C05795FF-93C9-47B1-9FF2-A853B4B5EC58-300x225.jpeg 300w, https:\/\/encuentroinformativo.com.mx\/wp-content\/uploads\/2022\/05\/C05795FF-93C9-47B1-9FF2-A853B4B5EC58-768x576.jpeg 768w\" sizes=\"auto, (max-width: 960px) 100vw, 960px\" \/><\/figure>\n","protected":false},"excerpt":{"rendered":"<p>Juan Arcos Xalapa, Ver.- Padres de familia del jard\u00edn de ni\u00f1os \u201cXochipilli\u201d bloquearon la carretera Almolonga-Tepetates, con direcci\u00f3n a Naolinco, para exigir la designaci\u00f3n de un profesor. Los quejosos cerraron la v\u00eda de comunicaci\u00f3n alrededor de las ocho de la ma\u00f1ana, para denunciar que los menores no han tenido maestra o maestro en lo que [&hellip;]<\/p>\n","protected":false},"author":1,"featured_media":27113,"comment_status":"open","ping_status":"open","sticky":false,"template":"","format":"standard","meta":{"_jetpack_memberships_contains_paid_content":false,"footnotes":""},"categories":[8],"tags":[],"class_list":["post-27112","post","type-post","status-publish","format-standard","has-post-thumbnail","hentry","category-region"],"jetpack_featured_media_url":"https:\/\/encuentroinformativo.com.mx\/wp-content\/uploads\/2022\/05\/02FD7B3A-CA71-40B9-B4A8-E386DBA8018D.jpeg","jetpack_sharing_enabled":true,"jetpack_likes_enabled":true,"amp_enabled":true,"_links":{"self":[{"href":"https:\/\/encuentroinformativo.com.mx\/index.php?rest_route=\/wp\/v2\/posts\/27112","targetHints":{"allow":["GET"]}}],"collection":[{"href":"https:\/\/encuentroinformativo.com.mx\/index.php?rest_route=\/wp\/v2\/posts"}],"about":[{"href":"https:\/\/encuentroinformativo.com.mx\/index.php?rest_route=\/wp\/v2\/types\/post"}],"author":[{"embeddable":true,"href":"https:\/\/encuentroinformativo.com.mx\/index.php?rest_route=\/wp\/v2\/users\/1"}],"replies":[{"embeddable":true,"href":"https:\/\/encuentroinformativo.com.mx\/index.php?rest_route=%2Fwp%2Fv2%2Fcomments&post=27112"}],"version-history":[{"count":1,"href":"https:\/\/encuentroinformativo.com.mx\/index.php?rest_route=\/wp\/v2\/posts\/27112\/revisions"}],"predecessor-version":[{"id":27115,"href":"https:\/\/encuentroinformativo.com.mx\/index.php?rest_route=\/wp\/v2\/posts\/27112\/revisions\/27115"}],"wp:featuredmedia":[{"embeddable":true,"href":"https:\/\/encuentroinformativo.com.mx\/index.php?rest_route=\/wp\/v2\/media\/27113"}],"wp:attachment":[{"href":"https:\/\/encuentroinformativo.com.mx\/index.php?rest_route=%2Fwp%2Fv2%2Fmedia&parent=27112"}],"wp:term":[{"taxonomy":"category","embeddable":true,"href":"https:\/\/encuentroinformativo.com.mx\/index.php?rest_route=%2Fwp%2Fv2%2Fcategories&post=27112"},{"taxonomy":"post_tag","embeddable":true,"href":"https:\/\/encuentroinformativo.com.mx\/index.php?rest_route=%2Fwp%2Fv2%2Ftags&post=27112"}],"curies":[{"name":"wp","href":"https:\/\/api.w.org\/{rel}","templated":true}]}}