{"id":27116,"date":"2022-05-12T14:04:40","date_gmt":"2022-05-12T19:04:40","guid":{"rendered":"https:\/\/encuentroinformativo.com.mx\/?p=27116"},"modified":"2022-05-12T14:04:44","modified_gmt":"2022-05-12T19:04:44","slug":"reactiva-alcaldesa-miercoles-ciudadano","status":"publish","type":"post","link":"https:\/\/encuentroinformativo.com.mx\/?p=27116","title":{"rendered":"Reactiva Alcaldesa Mi\u00e9rcoles Ciudadano"},"content":{"rendered":"\n<p><strong>Alejandro \u00c1vila<\/strong><\/p>\n\n\n\n<p>Veracruz, Ver.- A partir del 18 de mayo se reactivar\u00e1 en bajos del Palacio Municipal el &#8220;Mi\u00e9rcoles Ciudadano&#8221;, anunci\u00f3 la alcaldesa, Patricia Lobeira Rodr\u00edguez.<\/p>\n\n\n\n<p>En el mencionado programa, todos los habitantes del municipio de Veracruz podr\u00e1n acudir a gestionar alg\u00fan servicio qu\u00e9 se buscara sea prioritario en su administraci\u00f3n.<\/p>\n\n\n\n<p>La panista mencion\u00f3 qu\u00e9, muchos ciudadanos no se pueden desplazar hasta el centro de la ciudad, por lo que aclar\u00f3, en las Brigadas M\u00e9dicas que estar\u00e1n llevando a diversas colonias durante todo el a\u00f1o, tambi\u00e9n se podr\u00e1n gestionar servicios como, alumbrado p\u00fablico, bacheo, problemas de agua, entre otros.<\/p>\n\n\n\n<p>&#8220;C\u00f3mo saben, adem\u00e1s de venir a la Brigada M\u00e9dica, nosotros tambi\u00e9n ya vamos a tener el Mi\u00e9rcoles Ciudadano en el Ayuntamiento, a partir del 18 de mayo. Entonces, tambi\u00e9n puede ir la gente al Ayuntamiento, pero si no se puede desplazar y les toca Brigada M\u00e9dica en sus colonias, pueden asistir a la Brigada, hacer las peticiones para el Ayuntamiento tambi\u00e9n, y vamos a estar tomando en cuenta todas ellas&#8221;, apunt\u00f3.<\/p>\n\n\n\n<p>Este jueves se instal\u00f3 la Brigada M\u00e9dica en la localidad de Mata de Pita, d\u00f3nde, adem\u00e1s de estudios de la vista y dentales, se proporcion\u00f3 a los ciudadanos de la zona, campa\u00f1a antirr\u00e1bica, cortes de cabello, y gesti\u00f3n social.<\/p>\n\n\n\n<p>La primera Brigada M\u00e9dica se realiz\u00f3 en la zona de las Reservas, con una afluencia superior a las 300 personas; est\u00e1s continuar\u00e1n durante todo el a\u00f1o, en las colonias de la periferia del municipio de Veracruz.<\/p>\n","protected":false},"excerpt":{"rendered":"<p>Alejandro \u00c1vila Veracruz, Ver.- A partir del 18 de mayo se reactivar\u00e1 en bajos del Palacio Municipal el &#8220;Mi\u00e9rcoles Ciudadano&#8221;, anunci\u00f3 la alcaldesa, Patricia Lobeira Rodr\u00edguez. En el mencionado programa, todos los habitantes del municipio de Veracruz podr\u00e1n acudir a gestionar alg\u00fan servicio qu\u00e9 se buscara sea prioritario en su administraci\u00f3n. La panista mencion\u00f3 qu\u00e9, [&hellip;]<\/p>\n","protected":false},"author":1,"featured_media":27117,"comment_status":"open","ping_status":"open","sticky":false,"template":"","format":"standard","meta":{"_jetpack_memberships_contains_paid_content":false,"footnotes":""},"categories":[2],"tags":[],"class_list":["post-27116","post","type-post","status-publish","format-standard","has-post-thumbnail","hentry","category-estado"],"jetpack_featured_media_url":"https:\/\/encuentroinformativo.com.mx\/wp-content\/uploads\/2022\/05\/72D6ED9C-A3FA-425D-8E87-6E17D33B425D.jpeg","jetpack_sharing_enabled":true,"jetpack_likes_enabled":true,"amp_enabled":true,"_links":{"self":[{"href":"https:\/\/encuentroinformativo.com.mx\/index.php?rest_route=\/wp\/v2\/posts\/27116","targetHints":{"allow":["GET"]}}],"collection":[{"href":"https:\/\/encuentroinformativo.com.mx\/index.php?rest_route=\/wp\/v2\/posts"}],"about":[{"href":"https:\/\/encuentroinformativo.com.mx\/index.php?rest_route=\/wp\/v2\/types\/post"}],"author":[{"embeddable":true,"href":"https:\/\/encuentroinformativo.com.mx\/index.php?rest_route=\/wp\/v2\/users\/1"}],"replies":[{"embeddable":true,"href":"https:\/\/encuentroinformativo.com.mx\/index.php?rest_route=%2Fwp%2Fv2%2Fcomments&post=27116"}],"version-history":[{"count":1,"href":"https:\/\/encuentroinformativo.com.mx\/index.php?rest_route=\/wp\/v2\/posts\/27116\/revisions"}],"predecessor-version":[{"id":27118,"href":"https:\/\/encuentroinformativo.com.mx\/index.php?rest_route=\/wp\/v2\/posts\/27116\/revisions\/27118"}],"wp:featuredmedia":[{"embeddable":true,"href":"https:\/\/encuentroinformativo.com.mx\/index.php?rest_route=\/wp\/v2\/media\/27117"}],"wp:attachment":[{"href":"https:\/\/encuentroinformativo.com.mx\/index.php?rest_route=%2Fwp%2Fv2%2Fmedia&parent=27116"}],"wp:term":[{"taxonomy":"category","embeddable":true,"href":"https:\/\/encuentroinformativo.com.mx\/index.php?rest_route=%2Fwp%2Fv2%2Fcategories&post=27116"},{"taxonomy":"post_tag","embeddable":true,"href":"https:\/\/encuentroinformativo.com.mx\/index.php?rest_route=%2Fwp%2Fv2%2Ftags&post=27116"}],"curies":[{"name":"wp","href":"https:\/\/api.w.org\/{rel}","templated":true}]}}