{"id":27135,"date":"2022-05-12T17:41:57","date_gmt":"2022-05-12T22:41:57","guid":{"rendered":"https:\/\/encuentroinformativo.com.mx\/?p=27135"},"modified":"2022-05-12T17:42:01","modified_gmt":"2022-05-12T22:42:01","slug":"piden-liberacion-de-elpidia-n-la-acusan-por-muerte-de-ciclista","status":"publish","type":"post","link":"https:\/\/encuentroinformativo.com.mx\/?p=27135","title":{"rendered":"Piden liberaci\u00f3n de Elpidia \u201cN\u201d; la acusan por muerte de ciclista"},"content":{"rendered":"\n<p><strong>Dar\u00edo Pale\/Juan Arcos <\/strong><\/p>\n\n\n\n<p>Xalapa, Ver.- Familiares y amigos de la se\u00f1ora Elpidia &#8220;N&#8221; se manifestaron y bloquearon la calle de Enriquez con la finalidad de solicitar la liberaci\u00f3n de su familiar ya que fue detenida de manera injusta y que es acusada de haber atropellado y matado a un ciclista en los d\u00edas pasados siendo que quien conduc\u00eda la unidad fue un hombre.<\/p>\n\n\n\n<p>En entrevista Jazm\u00edn uno de sus familiares dijo que quieren la libertad de su familiar ya que fue detenida injustamente, ya que la acusan por el asesinato de un ciclista en el Campo de Tiro en la capital del estado.<\/p>\n\n\n\n<p>Se\u00f1alaron que ella no era quien conduc\u00eda la unidad y la est\u00e1n privando de sus derechos, aseguran que quien conduc\u00eda la unidad era un hombre, el cual se dio a la fuga y no lo han podido localizar ya que despu\u00e9s del percance se dio a la fuga.<\/p>\n\n\n\n<p>La se\u00f1ora despu\u00e9s del accidente no pudo reaccionar ya que debido a que es diab\u00e9tica entr\u00f3 en shock, y los elementos de la Secretaria de Seguridad P\u00fablica la detuvieron debido a que como no se fue del lugar la culparon a ella.<\/p>\n\n\n\n<p>Por lo anterior est\u00e1n solicitando la intervenci\u00f3n del gobernador del estado Cuitlahuac Garc\u00eda Jimenes ya que saben que tambi\u00e9n est\u00e1 apoyando a los familiares del ciclista que perdi\u00f3 la vida ese d\u00eda, y su familiar es mujer y tiene derecho de su libertad.<\/p>\n\n\n\n<p>Solicit\u00f3 a la persona que conduc\u00eda dicha unidad que se entregue ya que est\u00e1n culpando a su mam\u00e1 de algo que no hizo, la polic\u00eda debe de hacer su trabajo y tienen que investigar y no s\u00f3lo detener a cualquiera para acusarlo, ya que su mam\u00e1 viajaba como copiloto.<\/p>\n\n\n\n<p>Despu\u00e9s de unos minutos, los manifestantes liberaron un carril de la calle Enr\u00edquez y amagaron con permanecer en el sitio hasta obtener una respuesta favorable por parte de las autoridades.<\/p>\n\n\n\n<p>Las personas fueron atendidas por personal de la Direcci\u00f3n General de Pol\u00edtica Regional, mismo que prometi\u00f3 dar seguimiento a sus demandas.<\/p>\n\n\n\n<figure class=\"wp-block-image size-large\"><img loading=\"lazy\" decoding=\"async\" width=\"1024\" height=\"768\" src=\"https:\/\/encuentroinformativo.com.mx\/wp-content\/uploads\/2022\/05\/EC24E466-9A7F-4E30-BC05-F9C57E8429D5-1024x768.jpeg\" alt=\"\" class=\"wp-image-27137\" srcset=\"https:\/\/encuentroinformativo.com.mx\/wp-content\/uploads\/2022\/05\/EC24E466-9A7F-4E30-BC05-F9C57E8429D5-1024x768.jpeg 1024w, https:\/\/encuentroinformativo.com.mx\/wp-content\/uploads\/2022\/05\/EC24E466-9A7F-4E30-BC05-F9C57E8429D5-300x225.jpeg 300w, https:\/\/encuentroinformativo.com.mx\/wp-content\/uploads\/2022\/05\/EC24E466-9A7F-4E30-BC05-F9C57E8429D5-768x576.jpeg 768w, https:\/\/encuentroinformativo.com.mx\/wp-content\/uploads\/2022\/05\/EC24E466-9A7F-4E30-BC05-F9C57E8429D5-1536x1152.jpeg 1536w, https:\/\/encuentroinformativo.com.mx\/wp-content\/uploads\/2022\/05\/EC24E466-9A7F-4E30-BC05-F9C57E8429D5.jpeg 2016w\" sizes=\"auto, (max-width: 1024px) 100vw, 1024px\" \/><\/figure>\n","protected":false},"excerpt":{"rendered":"<p>Dar\u00edo Pale\/Juan Arcos Xalapa, Ver.- Familiares y amigos de la se\u00f1ora Elpidia &#8220;N&#8221; se manifestaron y bloquearon la calle de Enriquez con la finalidad de solicitar la liberaci\u00f3n de su familiar ya que fue detenida de manera injusta y que es acusada de haber atropellado y matado a un ciclista en los d\u00edas pasados siendo [&hellip;]<\/p>\n","protected":false},"author":1,"featured_media":27136,"comment_status":"open","ping_status":"open","sticky":false,"template":"","format":"standard","meta":{"_jetpack_memberships_contains_paid_content":false,"footnotes":""},"categories":[3],"tags":[],"class_list":["post-27135","post","type-post","status-publish","format-standard","has-post-thumbnail","hentry","category-xalapa"],"jetpack_featured_media_url":"https:\/\/encuentroinformativo.com.mx\/wp-content\/uploads\/2022\/05\/26086118-CC13-44F6-98FA-BBA7DB830CEB.jpeg","jetpack_sharing_enabled":true,"jetpack_likes_enabled":true,"amp_enabled":true,"_links":{"self":[{"href":"https:\/\/encuentroinformativo.com.mx\/index.php?rest_route=\/wp\/v2\/posts\/27135","targetHints":{"allow":["GET"]}}],"collection":[{"href":"https:\/\/encuentroinformativo.com.mx\/index.php?rest_route=\/wp\/v2\/posts"}],"about":[{"href":"https:\/\/encuentroinformativo.com.mx\/index.php?rest_route=\/wp\/v2\/types\/post"}],"author":[{"embeddable":true,"href":"https:\/\/encuentroinformativo.com.mx\/index.php?rest_route=\/wp\/v2\/users\/1"}],"replies":[{"embeddable":true,"href":"https:\/\/encuentroinformativo.com.mx\/index.php?rest_route=%2Fwp%2Fv2%2Fcomments&post=27135"}],"version-history":[{"count":1,"href":"https:\/\/encuentroinformativo.com.mx\/index.php?rest_route=\/wp\/v2\/posts\/27135\/revisions"}],"predecessor-version":[{"id":27138,"href":"https:\/\/encuentroinformativo.com.mx\/index.php?rest_route=\/wp\/v2\/posts\/27135\/revisions\/27138"}],"wp:featuredmedia":[{"embeddable":true,"href":"https:\/\/encuentroinformativo.com.mx\/index.php?rest_route=\/wp\/v2\/media\/27136"}],"wp:attachment":[{"href":"https:\/\/encuentroinformativo.com.mx\/index.php?rest_route=%2Fwp%2Fv2%2Fmedia&parent=27135"}],"wp:term":[{"taxonomy":"category","embeddable":true,"href":"https:\/\/encuentroinformativo.com.mx\/index.php?rest_route=%2Fwp%2Fv2%2Fcategories&post=27135"},{"taxonomy":"post_tag","embeddable":true,"href":"https:\/\/encuentroinformativo.com.mx\/index.php?rest_route=%2Fwp%2Fv2%2Ftags&post=27135"}],"curies":[{"name":"wp","href":"https:\/\/api.w.org\/{rel}","templated":true}]}}