{"id":27139,"date":"2022-05-12T17:49:37","date_gmt":"2022-05-12T22:49:37","guid":{"rendered":"https:\/\/encuentroinformativo.com.mx\/?p=27139"},"modified":"2022-05-12T17:49:40","modified_gmt":"2022-05-12T22:49:40","slug":"plantea-diputado-fortalecimiento-de-los-consejos-regionales-de-turismo","status":"publish","type":"post","link":"https:\/\/encuentroinformativo.com.mx\/?p=27139","title":{"rendered":"Plantea diputado fortalecimiento de los Consejos Regionales de Turismo"},"content":{"rendered":"\n<p><strong>*Rafael Gustavo Fararoni Maga\u00f1a se\u00f1al\u00f3 que su iniciativa busca incrementar la participaci\u00f3n de autoridades municipales e integrantes de la sociedad civil en estos \u00f3rganos.<\/strong><\/p>\n\n\n\n<p>Xalapa, Ver.- Con la finalidad de que las pol\u00edticas p\u00fablicas en materia de turismo sean construidas a partir de los gobiernos municipales y con enfoque regional, el diputado Rafael Gustavo Fararoni Maga\u00f1a present\u00f3 al Pleno del Congreso del Estado la iniciativa con proyecto de decreto por la que se reforman y adicionan diversas disposiciones a la Ley de Turismo del Estado de Veracruz de Ignacio de la Llave.<\/p>\n\n\n\n<p>En su participaci\u00f3n, durante la segunda sesi\u00f3n, correspondiente al Segundo Periodo Ordinario, el legislador manifest\u00f3 que su propuesta busca precisar la integraci\u00f3n y duraci\u00f3n de los Consejos Regionales de Turismo, cuidando no acotarlos y s\u00ed en cambio, incrementar la participaci\u00f3n de autoridades municipales e integtrantes de la sociedad civil en un mismo espacio de colaboraci\u00f3n.<\/p>\n\n\n\n<p>Agreg\u00f3 que la nueva conformaci\u00f3n permitir\u00e1 construir y operar canales de comunicaci\u00f3n institucional en permanente contacto con autoridades estatales y hasta organismos financieros a los que se les dar\u00edan condiciones para el desarrollo de proyectos viables, con atractivo econ\u00f3mico y posibilidades de realizarse en varias regiones.<\/p>\n\n\n\n<p>De acuerdo con la iniciativa, los Consejos Regionales de Turismo deber\u00e1n estar integrados por la o el presidente municipal de la regi\u00f3n que corresponda, el director o directora de Turismo de cada uno de los municipios y un representante del sector privado vinculado a la prestaci\u00f3n de servicios turisticos, inscrito en el Registro Nacional de Turismo.<\/p>\n\n\n\n<p>Los Consejos Regionales tendr\u00e1n una duraci\u00f3n desde su instalaci\u00f3n hasta el periodo de los gobiernos municipales vigentes; deber\u00e1n reunirse al menos cada tres meses en la sede y modalidad que decidan sus integrantes, y previa convocatoria de la o el Secretario T\u00e9cnico que se designe. De estos trabajos, proceder\u00e1n a enterar a la Secretar\u00eda de Turismo y Cultura (Sectur), con la finalidad de coordinar las pol\u00edticas p\u00fablicas por parte del Ejecutivo acordes a las necesidades de cada regi\u00f3n.<\/p>\n\n\n\n<p>Por otra parte, se propone incluir como atribuciones de los citados Consejos el proponer las necesidades de capacitaci\u00f3n prioritarias en sus regiones e impulsar la competitividad tur\u00edstica de Veracruz; definir un programa anual de actividades tur\u00edsticas adecuado y redituable para su regi\u00f3n, y todas aquellas actividades que propicien el desarrollo de sus regiones.<\/p>\n\n\n\n<p>El diputado Fararoni Maga\u00f1a dijo que est\u00e1 demostrado que son las autoridades municipales y el sector empresarial de cada municipio, quienes conocen el potencial de sus demarcaciones, sus atractivos y el aprovechamiento de los recursos humanos que puedan destinarse a esta actividad.<\/p>\n\n\n\n<p>La iniciativa, a la que se adhirieron los grupos legislativos de Morena y del PRI, as\u00ed como las diputadas Tania Mar\u00eda Cruz Mej\u00eda, Citlali Medell\u00edn Careaga, Nora J\u00e9ssica Lagunes Jauregui, Ruth Callejas Rold\u00e1n y Maribel Ram\u00edrez Topete; adem\u00e1s de los diputados Ram\u00f3n D\u00edaz \u00c1vila, Roberto Francisco San Rom\u00e1n Solana, Juan Enrique Santos Mendoza y Jaime Enrique de la Garza Mart\u00ednez, fue turnada para su estudio y dictamen a la Comisi\u00f3n Permanente de Turismo.<\/p>\n","protected":false},"excerpt":{"rendered":"<p>*Rafael Gustavo Fararoni Maga\u00f1a se\u00f1al\u00f3 que su iniciativa busca incrementar la participaci\u00f3n de autoridades municipales e integrantes de la sociedad civil en estos \u00f3rganos. Xalapa, Ver.- Con la finalidad de que las pol\u00edticas p\u00fablicas en materia de turismo sean construidas a partir de los gobiernos municipales y con enfoque regional, el diputado Rafael Gustavo Fararoni [&hellip;]<\/p>\n","protected":false},"author":1,"featured_media":27140,"comment_status":"open","ping_status":"open","sticky":false,"template":"","format":"standard","meta":{"_jetpack_memberships_contains_paid_content":false,"footnotes":""},"categories":[2],"tags":[],"class_list":["post-27139","post","type-post","status-publish","format-standard","has-post-thumbnail","hentry","category-estado"],"jetpack_featured_media_url":"https:\/\/encuentroinformativo.com.mx\/wp-content\/uploads\/2022\/05\/30161DAD-FCE0-4907-B2D5-FDE4BF74CE35.jpeg","jetpack_sharing_enabled":true,"jetpack_likes_enabled":true,"amp_enabled":true,"_links":{"self":[{"href":"https:\/\/encuentroinformativo.com.mx\/index.php?rest_route=\/wp\/v2\/posts\/27139","targetHints":{"allow":["GET"]}}],"collection":[{"href":"https:\/\/encuentroinformativo.com.mx\/index.php?rest_route=\/wp\/v2\/posts"}],"about":[{"href":"https:\/\/encuentroinformativo.com.mx\/index.php?rest_route=\/wp\/v2\/types\/post"}],"author":[{"embeddable":true,"href":"https:\/\/encuentroinformativo.com.mx\/index.php?rest_route=\/wp\/v2\/users\/1"}],"replies":[{"embeddable":true,"href":"https:\/\/encuentroinformativo.com.mx\/index.php?rest_route=%2Fwp%2Fv2%2Fcomments&post=27139"}],"version-history":[{"count":1,"href":"https:\/\/encuentroinformativo.com.mx\/index.php?rest_route=\/wp\/v2\/posts\/27139\/revisions"}],"predecessor-version":[{"id":27141,"href":"https:\/\/encuentroinformativo.com.mx\/index.php?rest_route=\/wp\/v2\/posts\/27139\/revisions\/27141"}],"wp:featuredmedia":[{"embeddable":true,"href":"https:\/\/encuentroinformativo.com.mx\/index.php?rest_route=\/wp\/v2\/media\/27140"}],"wp:attachment":[{"href":"https:\/\/encuentroinformativo.com.mx\/index.php?rest_route=%2Fwp%2Fv2%2Fmedia&parent=27139"}],"wp:term":[{"taxonomy":"category","embeddable":true,"href":"https:\/\/encuentroinformativo.com.mx\/index.php?rest_route=%2Fwp%2Fv2%2Fcategories&post=27139"},{"taxonomy":"post_tag","embeddable":true,"href":"https:\/\/encuentroinformativo.com.mx\/index.php?rest_route=%2Fwp%2Fv2%2Ftags&post=27139"}],"curies":[{"name":"wp","href":"https:\/\/api.w.org\/{rel}","templated":true}]}}