{"id":27142,"date":"2022-05-13T00:09:59","date_gmt":"2022-05-13T05:09:59","guid":{"rendered":"https:\/\/encuentroinformativo.com.mx\/?p=27142"},"modified":"2022-05-13T00:10:01","modified_gmt":"2022-05-13T05:10:01","slug":"instala-ayuntamiento-de-boca-del-rio-el-sistema-municipal-para-la-igualdad-entre-mujeres-y-hombres","status":"publish","type":"post","link":"https:\/\/encuentroinformativo.com.mx\/?p=27142","title":{"rendered":"Instala Ayuntamiento de Boca del R\u00edo el Sistema Municipal para la Igualdad entre Mujeres y Hombres"},"content":{"rendered":"\n<p><strong>*\u201cEste gobierno tiene claro que la contribuci\u00f3n de las mujeres debe darse en todos los \u00e1mbitos, sin discriminaci\u00f3n y bajo el eje rector de la igualdad\u201d, destac\u00f3 el alcalde.<\/strong><\/p>\n\n\n\n<p>Boca del R\u00edo, Ver.- La realidad que viven las mujeres en la actualidad, se vuelve un llamado para dise\u00f1ar, implementar y dar seguimiento a pol\u00edticas p\u00fablicas de corto, mediano y largo plazo, con la finalidad de combatir las causas que impiden y obstaculizan su desarrollo, enfatiz\u00f3 el Alcalde de Boca del R\u00edo, Juan Manuel Un\u00e1nue Abascal.<\/p>\n\n\n\n<p>Por ello, este jueves se instal\u00f3 y aprob\u00f3 el Sistema Municipal para la Igualdad entre Mujeres y Hombres y una Vida Libre de Violencia del municipio de Boca del R\u00edo, para el periodo 2022-2025.<\/p>\n\n\n\n<p>Con la participaci\u00f3n de representantes de la Academia, Sociedad Civil, as\u00ed como regidores y funcionarios municipales, el Presidente Municipal, resalt\u00f3 la necesidad de implementar pol\u00edticas p\u00fablicas que permitan avanzar en la Agenda Municipal para el Desarrollo de las Mujeres y Ni\u00f1as, con el firme compromiso de impulsar la igualdad entre mujeres y hombres.<\/p>\n\n\n\n<p>\u201cEste gobierno tiene claro que la contribuci\u00f3n de las mujeres debe darse en todos los \u00e1mbitos, sin discriminaci\u00f3n y bajo el eje rector de la igualdad, incorporando a las mujeres de lleno en la vida social a trav\u00e9s de la planeaci\u00f3n que permita cubrir sus necesidades y con acciones que les permitan el correcto ejercicio de sus derechos\u201d, destac\u00f3 el edil.<\/p>\n\n\n\n<p>Asimismo, expres\u00f3 que cuentan con \u00e9l, para hacer de la institucionalizaci\u00f3n y transversalizaci\u00f3n de la perspectiva de g\u00e9nero, una realidad en la ciudad boque\u00f1a.<\/p>\n\n\n\n<p>\u201cSea una estrategia s\u00f3lida desde el gobierno municipal para la formulaci\u00f3n e instrumentaci\u00f3n de las pol\u00edticas p\u00fablicas y que este sistema, se convierta en una herramienta viva para alcanzar la igualdad y garantizar la vida libre de violencia para las mujeres y ni\u00f1as de Boca del R\u00edo\u201d.<\/p>\n\n\n\n<p>Por su parte, Ana Gabriela Pantoja Andrade, directora del Instituto Municipal de las Mujeres de Boca del R\u00edo, quien funge tambi\u00e9n como Secrataria T\u00e9cnica del Sistema Municipal anunci\u00f3 que a la par de la instalaci\u00f3n del sistema municipal, se aprob\u00f3 el Programa Municipal para la Igualdad entre Mujeres y Hombres y Una Vida Libre de Violencia, que fue dise\u00f1ado por el propio Instituto, tomando en consideraci\u00f3n los aportes realizados en la mesa de trabajo que se realiz\u00f3 durante febrero, con los representantes de la academia y la sociedad civil.<\/p>\n\n\n\n<p>\u201cComo autoridades y como sociedad, debemos ser en\u00e9rgicos, contundentes y frontales con nuestras acciones para as\u00ed lograr una igualdad sustantiva entre mujeres y hombres, para empoderar econ\u00f3micamente y laboralmente a las mujeres de manera que les permita liberarse de esa violencia que muchas veces padecen dentro de sus mismos hogares, pero tambi\u00e9n, para que cualquier, mujer, adolescente o ni\u00f1a, pueda sentirse segura al salir de su casa, al ir a su escuela o al ir a trabajar\u201d, concluy\u00f3.<\/p>\n","protected":false},"excerpt":{"rendered":"<p>*\u201cEste gobierno tiene claro que la contribuci\u00f3n de las mujeres debe darse en todos los \u00e1mbitos, sin discriminaci\u00f3n y bajo el eje rector de la igualdad\u201d, destac\u00f3 el alcalde. Boca del R\u00edo, Ver.- La realidad que viven las mujeres en la actualidad, se vuelve un llamado para dise\u00f1ar, implementar y dar seguimiento a pol\u00edticas p\u00fablicas [&hellip;]<\/p>\n","protected":false},"author":1,"featured_media":27143,"comment_status":"open","ping_status":"open","sticky":false,"template":"","format":"standard","meta":{"_jetpack_memberships_contains_paid_content":false,"footnotes":""},"categories":[2],"tags":[],"class_list":["post-27142","post","type-post","status-publish","format-standard","has-post-thumbnail","hentry","category-estado"],"jetpack_featured_media_url":"https:\/\/encuentroinformativo.com.mx\/wp-content\/uploads\/2022\/05\/0621EB67-8245-463E-A5BC-3F1B49604D99.jpeg","jetpack_sharing_enabled":true,"jetpack_likes_enabled":true,"amp_enabled":true,"_links":{"self":[{"href":"https:\/\/encuentroinformativo.com.mx\/index.php?rest_route=\/wp\/v2\/posts\/27142","targetHints":{"allow":["GET"]}}],"collection":[{"href":"https:\/\/encuentroinformativo.com.mx\/index.php?rest_route=\/wp\/v2\/posts"}],"about":[{"href":"https:\/\/encuentroinformativo.com.mx\/index.php?rest_route=\/wp\/v2\/types\/post"}],"author":[{"embeddable":true,"href":"https:\/\/encuentroinformativo.com.mx\/index.php?rest_route=\/wp\/v2\/users\/1"}],"replies":[{"embeddable":true,"href":"https:\/\/encuentroinformativo.com.mx\/index.php?rest_route=%2Fwp%2Fv2%2Fcomments&post=27142"}],"version-history":[{"count":1,"href":"https:\/\/encuentroinformativo.com.mx\/index.php?rest_route=\/wp\/v2\/posts\/27142\/revisions"}],"predecessor-version":[{"id":27144,"href":"https:\/\/encuentroinformativo.com.mx\/index.php?rest_route=\/wp\/v2\/posts\/27142\/revisions\/27144"}],"wp:featuredmedia":[{"embeddable":true,"href":"https:\/\/encuentroinformativo.com.mx\/index.php?rest_route=\/wp\/v2\/media\/27143"}],"wp:attachment":[{"href":"https:\/\/encuentroinformativo.com.mx\/index.php?rest_route=%2Fwp%2Fv2%2Fmedia&parent=27142"}],"wp:term":[{"taxonomy":"category","embeddable":true,"href":"https:\/\/encuentroinformativo.com.mx\/index.php?rest_route=%2Fwp%2Fv2%2Fcategories&post=27142"},{"taxonomy":"post_tag","embeddable":true,"href":"https:\/\/encuentroinformativo.com.mx\/index.php?rest_route=%2Fwp%2Fv2%2Ftags&post=27142"}],"curies":[{"name":"wp","href":"https:\/\/api.w.org\/{rel}","templated":true}]}}