{"id":27145,"date":"2022-05-13T09:27:49","date_gmt":"2022-05-13T14:27:49","guid":{"rendered":"https:\/\/encuentroinformativo.com.mx\/?p=27145"},"modified":"2022-05-13T09:27:52","modified_gmt":"2022-05-13T14:27:52","slug":"la-dificil-situacion-del-gremio","status":"publish","type":"post","link":"https:\/\/encuentroinformativo.com.mx\/?p=27145","title":{"rendered":"LA DIF\u00cdCIL SITUACI\u00d3N DEL GREMIO"},"content":{"rendered":"\n<p><strong>ColumnaSinNombre<br>@pablojair<\/strong><\/p>\n\n\n\n<ul class=\"wp-block-list\"><li>\u00bfMonreal vendr\u00e1 a suplicar por el gato?<\/li><li>AMLO pone de ejemplo al IPE de Veracruz.<\/li><li>Entregar\u00e1n dos mil reconocimientos a docentes.<\/li><\/ul>\n\n\n\n<p>En la pasada columna se fue \u201craciocinio\u201d y era \u201cracionamiento\u201d<br>\u2014Chopenjawer burro<\/p>\n\n\n\n<p>Este jueves tuve la enorme oportunidad (muy agradecido, muy agradecido, muy agradecido) de participar en un conversatorio de la Direcci\u00f3n General de Cultura de la Paz y Derechos Humanos que encabeza el maestro Sergio Ulises Montes Guzm\u00e1n, y quien invit\u00f3 tambi\u00e9n a la directora de la Facultad de Ciencias de la Comunicaci\u00f3n de la UV, Rossy Lorena Laurencio Meza, as\u00ed como al secretario ejecutivo de la Comisi\u00f3n de Atenci\u00f3n y Protecci\u00f3n a Periodistas, Israel Hern\u00e1ndez Sosa.<\/p>\n\n\n\n<p>El tema fue harto interesante porque el asunto era hacer un an\u00e1lisis de la situaci\u00f3n actual con respecto a los derechos humanos de los periodistas, y justo cuando hace apenas unos d\u00edas se dio la lamentable ejecuci\u00f3n de dos comunicadoras en el municipio de Cosoleacaque.<\/p>\n\n\n\n<p>Creo, pienso (y de manera humilde expuse en el conversatorio) que debemos partir de una premisa: la falta de seguridad laboral.<\/p>\n\n\n\n<p>Hace unos d\u00edas, por ejemplo, acaba de morir el legendario fot\u00f3grafo de nota roja Enrique Metinides, y en una entrevista narra una an\u00e9cdota que abona a la realidad anterior: que sus primeros trabajos no eran pagados, sino para &#8220;aprender&#8221;.<\/p>\n\n\n\n<p>Y por lo mismo creo que pasamos varios: con salario bajo o nulo con el argumento ma\u00f1oso de que era para &#8220;aprender&#8221;, para &#8220;darse a conocer&#8221;, o para lucir el nombre de la empresa\/charola que te dan.<\/p>\n\n\n\n<p>En este sentido, el periodista desde hace tiempo es v\u00edctima de la injusticia: es un trabajador externo \u2014regularmente por honorarios, si es que est\u00e1 dado de alta como contribuyente\u2014 que no tiene prestaciones y expone su vida en calle desde un accidente de trafico hasta una agresi\u00f3n. Hay una inseguridad (salvo honrosas excepciones de patrones responsables) donde la salud del comunicador est\u00e1 en permanente riesgo y muchas veces es por la amistad con empresarios o pol\u00edticos \u2014o gracias a la solidaridad del gremio\u2014 que se logra recaudar para medicamentos, pagos de gastos m\u00e9dicos, hospitalizaciones, etc. Ya ni se diga de adquirir una vivienda a trav\u00e9s de Infonavit o esquemas parecidos, aunque se supone que en tiempos de la Cuarta Transformeishion ya hay una apertura para que se puedan acceder a este tipo de convenios.<\/p>\n\n\n\n<p>Los bajos salarios son una constante incluso desde los tiempos donde se otorgaban contratos millonarios a los medios m\u00e1s influyentes en el pasado como el peri\u00f3dico, la radio y la televisi\u00f3n, obligando a que muchos buscaran otro empleo o arriesgarse a poner un changarro.<\/p>\n\n\n\n<p>Desde ah\u00ed, creo, parte mucho de la vulnerabilidad del periodista.<\/p>\n\n\n\n<p>Definitivamente esta situaci\u00f3n permanece: si bien comenz\u00f3 a haber una nueva tendencia hacia el periodismo digital a principios de este siglo, todav\u00eda existe un rezago en el tema de la justicia laboral para los periodistas y las agresiones siguen; adem\u00e1s, en el caso de Veracruz, se debe sumar que desde hace a\u00f1os varios medios entraron en crisis econ\u00f3mica.<\/p>\n\n\n\n<p>Recuerdo un comentario sarc\u00e1stico del desaparecido periodista Gabriel Arellano, sobre que deb\u00edamos los periodistas darle las gracias a Javier Duarte porque nos ense\u00f1\u00f3 a vivir sin la publicidad oficial (que todos sabemos es el principal ingreso de cualquier medio de comunicaci\u00f3n)<\/p>\n\n\n\n<p>Y es que esa situaci\u00f3n econ\u00f3mica se agudiz\u00f3 a mediados del sexenio del hoy interno del Reclusorio Norte, cuando se dejaron de pagar los convenios a los medios y \u00e9stos entraron en la crisis mencionada de la cual muchos nunca se recuperaron.<\/p>\n\n\n\n<p>El tema de redes sociales tambi\u00e9n se convirti\u00f3 en un escape para varios periodistas que decidieron independizarse de los medios &#8220;tradicionales&#8221; y poner su propia empresa period\u00edstica ya sin estar sometido a los intereses de los due\u00f1os de los medios, pero a\u00fan as\u00ed fue muy dif\u00edcil para muchos subsistir por la gran competencia.<\/p>\n\n\n\n<p>Otro fen\u00f3meno que, creo, foment\u00f3 la entrada del periodismo digital de redes y web, fue que la informaci\u00f3n se fue regionalizando m\u00e1s, pues si bien hab\u00eda medios que influ\u00edan, por ejemplo, en una determinada zona, s\u00f3lo cubr\u00edan las ciudades m\u00e1s grandes, dejando a otros municipios m\u00e1s peque\u00f1os sin su informaci\u00f3n local; ahora \u00e9stos, con las redes, tienen sus propios canales sin necesidad de informarse en otros lados, cambiando as\u00ed los h\u00e1bitos de consumo de noticias.<\/p>\n\n\n\n<p>En este sentido, las redes sociales han desplazado ya a los portales digitales, pues no s\u00f3lo es poco lo que se invierte, sino que asegura un mayor alcance. No son pocos los periodistas o comunicadores (formados o emp\u00edricos) los que han decidido abrir su p\u00e1gina de Facebook como un medio propio, por las facilidades que otorga su plataforma.<\/p>\n\n\n\n<p>No obstante, aunado a toda esta revoluci\u00f3n del nuevo periodismo digital, el tema laboral no ha cambiado; se sigue permanentemente en una situaci\u00f3n donde el periodista de a pie tiene que hacer un m\u00e1ximo sacrificio a veces de tiempo familiar, de saltarse comidas, invertir en pasaje para traslados imprevistos; el tener un medio propio es tambi\u00e9n invertir dinero, tiempo y esfuerzo.<\/p>\n\n\n\n<p>Recuerdo que una de las promesas de la 4T que todav\u00eda permanece como flotando es que esa situaci\u00f3n iba a cambiar; no hace mucho el presidente propuso la creaci\u00f3n de un fondo para protecci\u00f3n de periodistas; en la toma de protesta del gobernador Cuitl\u00e1huac Garc\u00eda, mencion\u00f3 algo respecto de que se buscar\u00eda cambiar la situaci\u00f3n.<\/p>\n\n\n\n<p>En los hechos, sigue lo mismo; continua la violencia como desgraciadamente acaba de ocurrir con las dos comunicadoras en el municipio de Cosoleacaque, en una regi\u00f3n que ha sido hist\u00f3ricamente violenta y donde se esta construyendo un corredor interoce\u00e1nico que ya era ruta de la delincuencia organizada desde hace d\u00e9cadas para el paso de ganado robado, droga, armas, etc. Es curioso, pero hasta la propia Secretar\u00eda de Marina tiene identificada a Acayucan (municipio en el sureste) como un punto clave donde se reporta incidencia delictiva, pero no se ve un reforzamiento de la vigilancia; de hecho, no hace mucho un cami\u00f3n escap\u00f3 a un ret\u00e9n de la Guardia Nacional.<\/p>\n\n\n\n<p>En los hechos, los periodistas todav\u00eda no tienen arreglada su situaci\u00f3n laboral, ni su retiro; aunque muchos de los comunicadores de la vieja guardia hablan de que en este oficio uno no se retira nunca, por el apasionamiento que genera.<\/p>\n\n\n\n<p>En este sentido, creo que los derechos humanos de los periodistas est\u00e1n siendo permanentemente vulnerados: no hay derecho a una vida digna, a que sea respetada, a que no sea asesinada; hay una constante violaci\u00f3n al derecho de libertad de expresi\u00f3n, al trabajo, al derecho al acceso a la informaci\u00f3n, a la salud, a la vivienda\u2026<\/p>\n\n\n\n<p>Y lamentablemente se ha convertido en una situaci\u00f3n com\u00fan; algo que pasa y seguir\u00e1 pasando, como tambi\u00e9n se ha aceptado \u2014y hasta le a\u00f1aden cierto toque de romanticismo\u2014 a que trabajar en periodismo es vivir en uno de los oficios peores pagados, pero m\u00e1s satisfactorios.<\/p>\n\n\n\n<p>Quiz\u00e1s las nuevas generaciones traigan otro chip distinto; tienen otra sensibilidad, otra manera de ver la vida; quiz\u00e1s en ellos est\u00e9 la clave de la supervivencia de un nuevo periodismo moderno que ellos saben manejar muy bien. Ojal\u00e1 con ellos cambien esas penurias tan arraigadas y toleradas que los contempor\u00e1neos dejamos pasar como si nada.<\/p>\n\n\n\n<p><strong>NOTA PARA PEGAR EN EL REFRI: <\/strong>Fue en la \u201cma\u00f1anera\u201d de este jueves que se destac\u00f3 la detenci\u00f3n de Mario \u201cN\u201d, alias \u201cEl Gato\u201d, como presunto integrante de una banda de secuestradores en la congregaci\u00f3n Villa Allende, en el municipio de Coatzacoalcos\u2026 Su detenci\u00f3n hizo ruido en los c\u00edrculos pol\u00edticos porque no s\u00f3lo era empleado del Senado de la Rep\u00fablica amparado bajo las siglas de Morena, sino que adem\u00e1s est\u00e1 relacionado \u00edntimamente a una senadora de nombre Claudia Balderas, de quien era su asistente, escolta, asesor y, dicen, pareja sentimental\u2026 La legisladora es parte del grupo de morenistas que respalda al senador Ricardo Monreal, quien se supone es de Morena, pero un d\u00eda s\u00ed y el otro tambi\u00e9n parece m\u00e1s actuar como pol\u00edtico de oposici\u00f3n\u2026 Monreal ha venido constantemente a hacer show pol\u00edtico al penal de Pacho Viejo con la bandera de pedir la liberaci\u00f3n de su \u00edntimo amigo Jos\u00e9 Manuel del R\u00edo Virgen, exsecretario t\u00e9cnico del Senado, pero se\u00f1alado de ser participante en el asesinato de un candidato de Movimiento Ciudadano al norte de Veracruz\u2026 Este encarcelamiento, se recuerda, moviliz\u00f3 a varios pol\u00edticos de oposici\u00f3n y hasta en un arranque de berrinche Monreal cre\u00f3 una \u201ccomisi\u00f3n patito\u201d quesque para investigar abusos en la entidad veracruzana, con toda la intenci\u00f3n de atacar pol\u00edticamente al gobernador Cuitl\u00e1huac Garc\u00eda Jim\u00e9nez\u2026 Finalmente, la Comisi\u00f3n fue desarticulada, y otro actor pol\u00edtico, el \u201cT\u00edo Dante\u201d (quien se envalenton\u00f3 y hasta se dijo ser un hombre\u2026 de frente contra el gober) finalmente se fue borrando del escenario para hacerse chiquito\u2026 Ahora la pregunta ser\u00e1: \u00bfvendr\u00e1 Monreal a Veracruz a pedir que se libere a \u201cEl Gato\u201d? \u00bfSuplicar\u00e1 para que deje en libertad a un personaje se\u00f1alado de estar coludido con la delincuencia organizada y hasta de violaci\u00f3n a una menor de edad? \u00bfPedir\u00e1 que se haga otra comisi\u00f3n \u201cpatito\u201d para que suelten al asesor de su amiga?\u2026 Se duda, porque Monreal, aparte de que lo disciplinaron, parece que ya aprendi\u00f3 la lecci\u00f3n: no ayuda en nada defender a delincuentes por mucho que sean sus cuates.<\/p>\n\n\n\n<p><strong>OTRA NOTA: <\/strong>Lo comenta el portal Break Informativo: \u201cEl Ejecutivo Federal, Andr\u00e9s Manuel L\u00f3pez Obrador, reconoci\u00f3 la labor realizada en el Instituto de Pensiones del Estado de Veracruz (IPE), al tiempo que lament\u00f3 que es un problema el manejo de las pensiones en los estados. Sin embargo, el mandatario federal dijo que \u2018es de celebrar, de reconocer el que se haya saneado este sistema de pensiones en Veracruz, y ojal\u00e1 se pueda seguir el mismo ejemplo en otros estados\u2019 y celebr\u00f3 la certidumbre otorgada a 32 mil beneficiarios del Instituto. Asimismo, destac\u00f3 el cambio en las autoridades estatales y municipales, porque \u2018siempre he sostenido que el ejemplo se da desde arriba, por eso hablo de combatir la corrupci\u00f3n, limpiando como se barren las escaleras, de arriba hacia abajo\u2019\u2026 Cabe destacar, que el IPE est\u00e1 sectorizado a la Secretar\u00eda de Finanzas y Planeaci\u00f3n (Sefiplan), y es el titular de dicha dependencia, Jos\u00e9 Luis Lima Franco, quien ha puesto en marcha un plan financiero estrat\u00e9gico, para el saneamiento de las finanzas y el fortalecimiento de la reserva t\u00e9cnica mediante la inversi\u00f3n de los activos del Instituto\u201d.<\/p>\n\n\n\n<p><strong>LA \u00daLTIMA PORQUE ES VIERNES DE PONERSE BIEN \u201cCOLOSIO\u201d:<\/strong> La Secretar\u00eda de Educaci\u00f3n de Veracruz (SEV) est\u00e1 lista para entregar reconocimientos y est\u00edmulos econ\u00f3micos a dos mil 461 docentes que cumplen 30 y 40 a\u00f1os de servicio dentro del sector educativo, inform\u00f3 el secretario de Educaci\u00f3n, Zenyazen Escobar Garc\u00eda\u2026 Luego de dos a\u00f1os de que la ceremonia se interrumpiera por la contingencia sanitaria, se retoma la ceremonia oficial este lunes 16 de mayo en las instalaciones del World Trade Center, donde \u201cser\u00e1 un honor convivir con compa\u00f1eras y compa\u00f1eros docentes con tantos a\u00f1os de servicio\u201d, expres\u00f3 en entrevista\u2026 Precis\u00f3 que se entregar\u00e1n 296 medallas \u201cManuel Altamirano\u201d a profesoras y profesores con 40 a\u00f1os de servicio en el sistema federal; 32 galardones \u201cCarlos A. Carrillo\u201d por 40 a\u00f1os a maestras y maestros del sistema estatal; mil 102 docentes ser\u00e1n homenajeados con la medalla \u201cRafael Ram\u00edrez\u201d por 30 a\u00f1os de entrega al magisterio federalizado y mil 31, con la presea \u201cEnrique C. R\u00e9bsamen\u201d por 30 a\u00f1os en el sistema estatal\u2026 El secretario de despacho confirm\u00f3 que todos los niveles educativos est\u00e1n informados sobre la suspensi\u00f3n de actividades acad\u00e9micas del pr\u00f3ximo lunes con motivo del D\u00eda del Maestro, y, en el marco del evento de asignaci\u00f3n de plazas que este d\u00eda se realiz\u00f3 en la explanada de la dependencia educativa, aprovech\u00f3 para recordar a quienes se integran al sistema educativo las necesidades de una entidad en donde el 50 por ciento de las escuelas son multigrado.<\/p>\n","protected":false},"excerpt":{"rendered":"<p>ColumnaSinNombre@pablojair \u00bfMonreal vendr\u00e1 a suplicar por el gato? AMLO pone de ejemplo al IPE de Veracruz. Entregar\u00e1n dos mil reconocimientos a docentes. En la pasada columna se fue \u201craciocinio\u201d y era \u201cracionamiento\u201d\u2014Chopenjawer burro Este jueves tuve la enorme oportunidad (muy agradecido, muy agradecido, muy agradecido) de participar en un conversatorio de la Direcci\u00f3n General de [&hellip;]<\/p>\n","protected":false},"author":1,"featured_media":488,"comment_status":"open","ping_status":"open","sticky":false,"template":"","format":"standard","meta":{"_jetpack_memberships_contains_paid_content":false,"footnotes":""},"categories":[11],"tags":[],"class_list":["post-27145","post","type-post","status-publish","format-standard","has-post-thumbnail","hentry","category-opinion"],"jetpack_featured_media_url":"https:\/\/encuentroinformativo.com.mx\/wp-content\/uploads\/2020\/03\/F471F608-BA1A-416B-BA7B-BCFB24F4E6D0.jpeg","jetpack_sharing_enabled":true,"jetpack_likes_enabled":true,"amp_enabled":true,"_links":{"self":[{"href":"https:\/\/encuentroinformativo.com.mx\/index.php?rest_route=\/wp\/v2\/posts\/27145","targetHints":{"allow":["GET"]}}],"collection":[{"href":"https:\/\/encuentroinformativo.com.mx\/index.php?rest_route=\/wp\/v2\/posts"}],"about":[{"href":"https:\/\/encuentroinformativo.com.mx\/index.php?rest_route=\/wp\/v2\/types\/post"}],"author":[{"embeddable":true,"href":"https:\/\/encuentroinformativo.com.mx\/index.php?rest_route=\/wp\/v2\/users\/1"}],"replies":[{"embeddable":true,"href":"https:\/\/encuentroinformativo.com.mx\/index.php?rest_route=%2Fwp%2Fv2%2Fcomments&post=27145"}],"version-history":[{"count":1,"href":"https:\/\/encuentroinformativo.com.mx\/index.php?rest_route=\/wp\/v2\/posts\/27145\/revisions"}],"predecessor-version":[{"id":27146,"href":"https:\/\/encuentroinformativo.com.mx\/index.php?rest_route=\/wp\/v2\/posts\/27145\/revisions\/27146"}],"wp:featuredmedia":[{"embeddable":true,"href":"https:\/\/encuentroinformativo.com.mx\/index.php?rest_route=\/wp\/v2\/media\/488"}],"wp:attachment":[{"href":"https:\/\/encuentroinformativo.com.mx\/index.php?rest_route=%2Fwp%2Fv2%2Fmedia&parent=27145"}],"wp:term":[{"taxonomy":"category","embeddable":true,"href":"https:\/\/encuentroinformativo.com.mx\/index.php?rest_route=%2Fwp%2Fv2%2Fcategories&post=27145"},{"taxonomy":"post_tag","embeddable":true,"href":"https:\/\/encuentroinformativo.com.mx\/index.php?rest_route=%2Fwp%2Fv2%2Ftags&post=27145"}],"curies":[{"name":"wp","href":"https:\/\/api.w.org\/{rel}","templated":true}]}}