{"id":27147,"date":"2022-05-13T11:02:13","date_gmt":"2022-05-13T16:02:13","guid":{"rendered":"https:\/\/encuentroinformativo.com.mx\/?p=27147"},"modified":"2022-05-13T11:02:16","modified_gmt":"2022-05-13T16:02:16","slug":"sindicalizados-acusan-discriminacion-en-delegacion-de-bienestar","status":"publish","type":"post","link":"https:\/\/encuentroinformativo.com.mx\/?p=27147","title":{"rendered":"Sindicalizados acusan discriminaci\u00f3n en delegaci\u00f3n de Bienestar"},"content":{"rendered":"\n<p><strong>Juan Arcos <\/strong><\/p>\n\n\n\n<p>Xalapa, Ver.- Agremiados de la Secci\u00f3n 29 del Sindicato Nacional de Trabajadores de la Secretar\u00eda de Bienestar en Veracruz tomaron las instalaciones de la dependencia federal para exigir la destituci\u00f3n inmediata del delegado Manuel Huerta Ladr\u00f3n de Guevara y de la coordinadora del Programa de Adultos Mayores, Guadalupe Salda\u00f1a.<\/p>\n\n\n\n<p>De acuerdo con el secretario general de dicha secci\u00f3n sindical, Marco Antonio Alarc\u00f3n Nava, se han violentado las condiciones generales de trabajo y el c\u00f3digo de conducta de los servidores p\u00fablicos.<\/p>\n\n\n\n<p>El entrevistado mencion\u00f3 que los trabajadores han padecido discriminaci\u00f3n al ser excluidos de actividades en los programas sociales y que carecen de espacios dignos para desempe\u00f1ar su labor.<\/p>\n\n\n\n<p>\u201cHay una serie de factores que ya no es un ambiente cordial y armonioso dentro de la Secretar\u00eda, ya est\u00e1 muy viciado y as\u00ed no se puede\u201d, expres\u00f3.<\/p>\n\n\n\n<p>Adem\u00e1s, indic\u00f3 que a nivel nacional se adeudan prestaciones laborales desde enero pasado y por ello hay manifestaciones en las delegaciones de Bienestar, en las distintas entidades del pa\u00eds.<\/p>\n\n\n\n<p>\u201cSon prestaciones como transporte tur\u00edstico, las famosas excursiones, y desarrollo y capacitaci\u00f3n, tambi\u00e9n que no respetan los calendarios de las sesiones de la comisi\u00f3n mixta del escalaf\u00f3n para los nuevos ingresos y las plazas\u201d, agreg\u00f3.\u00a0<\/p>\n\n\n\n<p>Alarc\u00f3n Nava se\u00f1al\u00f3 que no ha existido apertura por parte del delegado para atender las demandas de los empleados sindicalizados.\u00a0<br>Los trabajadores colocaron lonas y pancartas sobre la entrada principal a la delegaci\u00f3n, ubicada sobre la carretera federal Xalapa-Veracruz, misma que fue tomada desde las siete de la ma\u00f1ana de este viernes.<\/p>\n\n\n\n<p>Se trata de empleados administrativos, t\u00e9cnicos y operativos, quienes se est\u00e1n viendo afectados por dicha situaci\u00f3n. Un total de 60 sindicalizados a nivel estatal y cerca de dos mil en todo el pa\u00eds.<\/p>\n\n\n\n<figure class=\"wp-block-image size-large\"><img loading=\"lazy\" decoding=\"async\" width=\"1024\" height=\"768\" src=\"https:\/\/encuentroinformativo.com.mx\/wp-content\/uploads\/2022\/05\/590AEDD1-56CD-4E0E-9FD4-64E5D6E945B8-1024x768.jpeg\" alt=\"\" class=\"wp-image-27149\" srcset=\"https:\/\/encuentroinformativo.com.mx\/wp-content\/uploads\/2022\/05\/590AEDD1-56CD-4E0E-9FD4-64E5D6E945B8-1024x768.jpeg 1024w, https:\/\/encuentroinformativo.com.mx\/wp-content\/uploads\/2022\/05\/590AEDD1-56CD-4E0E-9FD4-64E5D6E945B8-300x225.jpeg 300w, https:\/\/encuentroinformativo.com.mx\/wp-content\/uploads\/2022\/05\/590AEDD1-56CD-4E0E-9FD4-64E5D6E945B8-768x576.jpeg 768w, https:\/\/encuentroinformativo.com.mx\/wp-content\/uploads\/2022\/05\/590AEDD1-56CD-4E0E-9FD4-64E5D6E945B8-1536x1152.jpeg 1536w, https:\/\/encuentroinformativo.com.mx\/wp-content\/uploads\/2022\/05\/590AEDD1-56CD-4E0E-9FD4-64E5D6E945B8.jpeg 2016w\" sizes=\"auto, (max-width: 1024px) 100vw, 1024px\" \/><\/figure>\n","protected":false},"excerpt":{"rendered":"<p>Juan Arcos Xalapa, Ver.- Agremiados de la Secci\u00f3n 29 del Sindicato Nacional de Trabajadores de la Secretar\u00eda de Bienestar en Veracruz tomaron las instalaciones de la dependencia federal para exigir la destituci\u00f3n inmediata del delegado Manuel Huerta Ladr\u00f3n de Guevara y de la coordinadora del Programa de Adultos Mayores, Guadalupe Salda\u00f1a. De acuerdo con el [&hellip;]<\/p>\n","protected":false},"author":1,"featured_media":27148,"comment_status":"open","ping_status":"open","sticky":false,"template":"","format":"standard","meta":{"_jetpack_memberships_contains_paid_content":false,"footnotes":""},"categories":[3],"tags":[],"class_list":["post-27147","post","type-post","status-publish","format-standard","has-post-thumbnail","hentry","category-xalapa"],"jetpack_featured_media_url":"https:\/\/encuentroinformativo.com.mx\/wp-content\/uploads\/2022\/05\/4291D541-778A-4563-BBE0-3738BBFEF061.jpeg","jetpack_sharing_enabled":true,"jetpack_likes_enabled":true,"amp_enabled":true,"_links":{"self":[{"href":"https:\/\/encuentroinformativo.com.mx\/index.php?rest_route=\/wp\/v2\/posts\/27147","targetHints":{"allow":["GET"]}}],"collection":[{"href":"https:\/\/encuentroinformativo.com.mx\/index.php?rest_route=\/wp\/v2\/posts"}],"about":[{"href":"https:\/\/encuentroinformativo.com.mx\/index.php?rest_route=\/wp\/v2\/types\/post"}],"author":[{"embeddable":true,"href":"https:\/\/encuentroinformativo.com.mx\/index.php?rest_route=\/wp\/v2\/users\/1"}],"replies":[{"embeddable":true,"href":"https:\/\/encuentroinformativo.com.mx\/index.php?rest_route=%2Fwp%2Fv2%2Fcomments&post=27147"}],"version-history":[{"count":1,"href":"https:\/\/encuentroinformativo.com.mx\/index.php?rest_route=\/wp\/v2\/posts\/27147\/revisions"}],"predecessor-version":[{"id":27150,"href":"https:\/\/encuentroinformativo.com.mx\/index.php?rest_route=\/wp\/v2\/posts\/27147\/revisions\/27150"}],"wp:featuredmedia":[{"embeddable":true,"href":"https:\/\/encuentroinformativo.com.mx\/index.php?rest_route=\/wp\/v2\/media\/27148"}],"wp:attachment":[{"href":"https:\/\/encuentroinformativo.com.mx\/index.php?rest_route=%2Fwp%2Fv2%2Fmedia&parent=27147"}],"wp:term":[{"taxonomy":"category","embeddable":true,"href":"https:\/\/encuentroinformativo.com.mx\/index.php?rest_route=%2Fwp%2Fv2%2Fcategories&post=27147"},{"taxonomy":"post_tag","embeddable":true,"href":"https:\/\/encuentroinformativo.com.mx\/index.php?rest_route=%2Fwp%2Fv2%2Ftags&post=27147"}],"curies":[{"name":"wp","href":"https:\/\/api.w.org\/{rel}","templated":true}]}}