{"id":27155,"date":"2022-05-13T13:04:51","date_gmt":"2022-05-13T18:04:51","guid":{"rendered":"https:\/\/encuentroinformativo.com.mx\/?p=27155"},"modified":"2022-05-13T13:04:54","modified_gmt":"2022-05-13T18:04:54","slug":"por-inseguridad-hay-deficit-de-mas-de-30-mil-operadores-transportistas","status":"publish","type":"post","link":"https:\/\/encuentroinformativo.com.mx\/?p=27155","title":{"rendered":"Por inseguridad, hay d\u00e9ficit de m\u00e1s de 30 mil operadores: Transportistas"},"content":{"rendered":"\n<p><strong>Alejandro \u00c1vila<\/strong><\/p>\n\n\n\n<p>Veracruz, Ver.- Debido a los robos y asesinatos de transportistas, la profesi\u00f3n de operador de carga a sufrido un d\u00e9ficit de m\u00e1s de 30 mil personas, mencion\u00f3 Ricardo Beristain Saucedo, presidente del Asociaci\u00f3n de Autotransportistas de Veracruz.<\/p>\n\n\n\n<p>&#8220;Hay un d\u00e9ficit nacional de 30 mil operadores y creo que me estoy quedando un poquito corto, pero es arriba 30 mil operadores los que nos hace falta, y muchos est\u00e1n migrando a Estados Unidos y Canad\u00e1, la verdad es que no hay unidades en el mercado, ahorita las armaduras para pedir un cami\u00f3n se est\u00e1n tardando 8 meses en entregarte, tenemos problema del d\u00e9ficit de operadores, el problema de seguridad que cada vez los mismos operadores bueno quieren trabajar o ya no est\u00e1 en naciendo nuevos operadores, no se est\u00e1n desarrollando por eso temas&#8221;, apunt\u00f3.<\/p>\n\n\n\n<p>El empresario transportista asegur\u00f3 que, en los patios de camiones de la zona portuaria, existen diversas lonas d\u00f3nde las empresas solicitan operadores de carga.<\/p>\n\n\n\n<p>Debido a esta situaci\u00f3n, aunada con la pandemia, ha habido un problema de salida de contenedores el puerto de Veracruz.<\/p>\n\n\n\n<p>&#8220;Entonces, hay rezago, hace falta m\u00e1s movimiento de los contenedores, y si a esto le sumamos el retraso de los barcos que han sufrido en otros puertos, le sumamos la falta de operadores, la falta de transporte, entonces s\u00ed, al d\u00eda de hoy hay un poquito de caos en ese sentido, y que s\u00ed est\u00e1 perjudicando, y al final, pues el que termina pagando el precio es el consumidor&#8221;, remat\u00f3.<\/p>\n","protected":false},"excerpt":{"rendered":"<p>Alejandro \u00c1vila Veracruz, Ver.- Debido a los robos y asesinatos de transportistas, la profesi\u00f3n de operador de carga a sufrido un d\u00e9ficit de m\u00e1s de 30 mil personas, mencion\u00f3 Ricardo Beristain Saucedo, presidente del Asociaci\u00f3n de Autotransportistas de Veracruz. &#8220;Hay un d\u00e9ficit nacional de 30 mil operadores y creo que me estoy quedando un poquito [&hellip;]<\/p>\n","protected":false},"author":1,"featured_media":27156,"comment_status":"open","ping_status":"open","sticky":false,"template":"","format":"standard","meta":{"_jetpack_memberships_contains_paid_content":false,"footnotes":""},"categories":[2],"tags":[],"class_list":["post-27155","post","type-post","status-publish","format-standard","has-post-thumbnail","hentry","category-estado"],"jetpack_featured_media_url":"https:\/\/encuentroinformativo.com.mx\/wp-content\/uploads\/2022\/05\/5FE3207E-D99A-4C65-805D-8FE625964F98.jpeg","jetpack_sharing_enabled":true,"jetpack_likes_enabled":true,"amp_enabled":true,"_links":{"self":[{"href":"https:\/\/encuentroinformativo.com.mx\/index.php?rest_route=\/wp\/v2\/posts\/27155","targetHints":{"allow":["GET"]}}],"collection":[{"href":"https:\/\/encuentroinformativo.com.mx\/index.php?rest_route=\/wp\/v2\/posts"}],"about":[{"href":"https:\/\/encuentroinformativo.com.mx\/index.php?rest_route=\/wp\/v2\/types\/post"}],"author":[{"embeddable":true,"href":"https:\/\/encuentroinformativo.com.mx\/index.php?rest_route=\/wp\/v2\/users\/1"}],"replies":[{"embeddable":true,"href":"https:\/\/encuentroinformativo.com.mx\/index.php?rest_route=%2Fwp%2Fv2%2Fcomments&post=27155"}],"version-history":[{"count":1,"href":"https:\/\/encuentroinformativo.com.mx\/index.php?rest_route=\/wp\/v2\/posts\/27155\/revisions"}],"predecessor-version":[{"id":27157,"href":"https:\/\/encuentroinformativo.com.mx\/index.php?rest_route=\/wp\/v2\/posts\/27155\/revisions\/27157"}],"wp:featuredmedia":[{"embeddable":true,"href":"https:\/\/encuentroinformativo.com.mx\/index.php?rest_route=\/wp\/v2\/media\/27156"}],"wp:attachment":[{"href":"https:\/\/encuentroinformativo.com.mx\/index.php?rest_route=%2Fwp%2Fv2%2Fmedia&parent=27155"}],"wp:term":[{"taxonomy":"category","embeddable":true,"href":"https:\/\/encuentroinformativo.com.mx\/index.php?rest_route=%2Fwp%2Fv2%2Fcategories&post=27155"},{"taxonomy":"post_tag","embeddable":true,"href":"https:\/\/encuentroinformativo.com.mx\/index.php?rest_route=%2Fwp%2Fv2%2Ftags&post=27155"}],"curies":[{"name":"wp","href":"https:\/\/api.w.org\/{rel}","templated":true}]}}