{"id":27158,"date":"2022-05-13T13:12:23","date_gmt":"2022-05-13T18:12:23","guid":{"rendered":"https:\/\/encuentroinformativo.com.mx\/?p=27158"},"modified":"2022-05-13T13:12:26","modified_gmt":"2022-05-13T18:12:26","slug":"resguarda-fundacion-yepez-nido-de-tortuga-laud","status":"publish","type":"post","link":"https:\/\/encuentroinformativo.com.mx\/?p=27158","title":{"rendered":"Resguarda Fundaci\u00f3n Yepez nido de tortuga la\u00fad"},"content":{"rendered":"\n<p><strong>Alejandro \u00c1vila<\/strong><\/p>\n\n\n\n<p>Veracruz, Ver.- A trav\u00e9s de sus redes sociales, la Fundaci\u00f3n Yepez inform\u00f3 que, se encuentran en resguardo de un nido de tortuga La\u00fad en las playas de Nautla.<\/p>\n\n\n\n<p>Ricardo Yepez, presidente de la Asociaci\u00f3n Civil relat\u00f3 que, este es el tercer nido que encuentran de la especie La\u00fad en 55 a\u00f1os de trabajo, el \u00faltimo registro fue hace casi 30 a\u00f1os.<\/p>\n\n\n\n<p>&#8220;Hoy tenemos un nido de tortuga La\u00fad aqu\u00ed con nosotros, esperamos en Dios que puedan nacer, ya que los registros de los nidos anteriores desafortunadamente fueron nidos con huevos inf\u00e9rtiles, no lograron eclosionar. Se sigue a\u00fan descubriendo, pero esto es algo hist\u00f3rico, que nos llena de mucha satisfacci\u00f3n&#8221;, apunt\u00f3 Ricardo Yepez.<\/p>\n\n\n\n<p>El ambientalista asegur\u00f3 qu\u00e9, toda la comunidad tortuguera tiene conocimiento de la importancia de este hallazgo y del resguardo de la especie.<\/p>\n\n\n\n<p>&#8220;Comienzan a regresar a nuestras costas mexicanas, y estamos felices, estamos orgullosos, y en el nombre de Dios esperamos que estos huevitos pues pueden ser f\u00e9rtiles, y que podamos contemplar est\u00e1 liberaci\u00f3n de esto grandes ejemplares&#8221;, remat\u00f3.<\/p>\n\n\n\n<p>La Fundaci\u00f3n Yepez realiza el cuidado de nidos de tortuga y liberaci\u00f3n de la especie, desde mediados de los a\u00f1os 60, en las playas de El Raudal en el municipio de Nautla.<\/p>\n","protected":false},"excerpt":{"rendered":"<p>Alejandro \u00c1vila Veracruz, Ver.- A trav\u00e9s de sus redes sociales, la Fundaci\u00f3n Yepez inform\u00f3 que, se encuentran en resguardo de un nido de tortuga La\u00fad en las playas de Nautla. Ricardo Yepez, presidente de la Asociaci\u00f3n Civil relat\u00f3 que, este es el tercer nido que encuentran de la especie La\u00fad en 55 a\u00f1os de trabajo, [&hellip;]<\/p>\n","protected":false},"author":1,"featured_media":27159,"comment_status":"open","ping_status":"open","sticky":false,"template":"","format":"standard","meta":{"_jetpack_memberships_contains_paid_content":false,"footnotes":""},"categories":[2],"tags":[],"class_list":["post-27158","post","type-post","status-publish","format-standard","has-post-thumbnail","hentry","category-estado"],"jetpack_featured_media_url":"https:\/\/encuentroinformativo.com.mx\/wp-content\/uploads\/2022\/05\/D16517D5-A746-4513-BED7-87A1DF8DE12B.jpeg","jetpack_sharing_enabled":true,"jetpack_likes_enabled":true,"amp_enabled":true,"_links":{"self":[{"href":"https:\/\/encuentroinformativo.com.mx\/index.php?rest_route=\/wp\/v2\/posts\/27158","targetHints":{"allow":["GET"]}}],"collection":[{"href":"https:\/\/encuentroinformativo.com.mx\/index.php?rest_route=\/wp\/v2\/posts"}],"about":[{"href":"https:\/\/encuentroinformativo.com.mx\/index.php?rest_route=\/wp\/v2\/types\/post"}],"author":[{"embeddable":true,"href":"https:\/\/encuentroinformativo.com.mx\/index.php?rest_route=\/wp\/v2\/users\/1"}],"replies":[{"embeddable":true,"href":"https:\/\/encuentroinformativo.com.mx\/index.php?rest_route=%2Fwp%2Fv2%2Fcomments&post=27158"}],"version-history":[{"count":1,"href":"https:\/\/encuentroinformativo.com.mx\/index.php?rest_route=\/wp\/v2\/posts\/27158\/revisions"}],"predecessor-version":[{"id":27160,"href":"https:\/\/encuentroinformativo.com.mx\/index.php?rest_route=\/wp\/v2\/posts\/27158\/revisions\/27160"}],"wp:featuredmedia":[{"embeddable":true,"href":"https:\/\/encuentroinformativo.com.mx\/index.php?rest_route=\/wp\/v2\/media\/27159"}],"wp:attachment":[{"href":"https:\/\/encuentroinformativo.com.mx\/index.php?rest_route=%2Fwp%2Fv2%2Fmedia&parent=27158"}],"wp:term":[{"taxonomy":"category","embeddable":true,"href":"https:\/\/encuentroinformativo.com.mx\/index.php?rest_route=%2Fwp%2Fv2%2Fcategories&post=27158"},{"taxonomy":"post_tag","embeddable":true,"href":"https:\/\/encuentroinformativo.com.mx\/index.php?rest_route=%2Fwp%2Fv2%2Ftags&post=27158"}],"curies":[{"name":"wp","href":"https:\/\/api.w.org\/{rel}","templated":true}]}}