{"id":2716,"date":"2020-05-21T13:53:28","date_gmt":"2020-05-21T18:53:28","guid":{"rendered":"https:\/\/encuentroinformativo.com\/?p=2716"},"modified":"2020-05-21T13:53:31","modified_gmt":"2020-05-21T18:53:31","slug":"por-covid-19-creceran-inseguridad-y-protestas-economista","status":"publish","type":"post","link":"https:\/\/encuentroinformativo.com.mx\/?p=2716","title":{"rendered":"Por Covid-19, crecer\u00e1n inseguridad y protestas: Economista"},"content":{"rendered":"\n<p><strong>Juan Arcos <\/strong><\/p>\n\n\n\n<p>Xalapa, Ver.- En Veracruz crecer\u00e1 la inseguridad y las protestas a causa del desempleo y la pobreza que est\u00e1 dejando la pandemia del COVID-19.<\/p>\n\n\n\n<p>As\u00ed lo previ\u00f3 el economista de la Universidad Veracruzana (UV), Rafael Arias Hern\u00e1ndez, quien urgi\u00f3 al gobierno que actualice sus planes y programas para el rescate de la econom\u00eda.<\/p>\n\n\n\n<p>\u201cLo primero que es notorio y adem\u00e1s previsible, es que va a crecer el problema de seguridad p\u00fablica, al crecer el problema de pobreza, y se van a manifestar causas como es el desempleo y el subempleo\u201d.<\/p>\n\n\n\n<p>Adem\u00e1s, el especialista indic\u00f3 que se requiere apertura gubernamental para atender la inconformidad y las protestas, mismas que podr\u00edan presentarse al culminar la cuarentena.<\/p>\n\n\n\n<p>\u201cTiene que entenderse: o se atiende la econom\u00eda o las cosas se van a complicar m\u00e1s\u201d.<\/p>\n\n\n\n<p>El acad\u00e9mico critic\u00f3 que el gobierno del estado insiste en continuar con el Plan Veracruzano de Desarrollo 2020, cuando las condiciones actuales por la pandemia requieren de la elaboraci\u00f3n de un nuevo programa.<\/p>\n\n\n\n<p>\u201cEstamos totalmente fuera de foco y es necesario exigir la actualizaci\u00f3n de la informaci\u00f3n, que la den a conocer\u201d.<\/p>\n\n\n\n<p>En ese sentido, Arias Hern\u00e1ndez refiri\u00f3 que deber\u00e1 convocarse a todos los sectores que podr\u00edan integrar la \u201csoluci\u00f3n econ\u00f3mica\u201d: organizaciones de trabajadores, empresarios y funcionarios.<\/p>\n\n\n\n<p>\u201cPero esto desgraciadamente lleva un retraso y ya est\u00e1 encima el crecimiento de pobreza y marginaci\u00f3n con todas sus consecuencias\u201d, remat\u00f3.<\/p>\n\n\n\n<p><\/p>\n","protected":false},"excerpt":{"rendered":"<p>Juan Arcos Xalapa, Ver.- En Veracruz crecer\u00e1 la inseguridad y las protestas a causa del desempleo y la pobreza que est\u00e1 dejando la pandemia del COVID-19. As\u00ed lo previ\u00f3 el economista de la Universidad Veracruzana (UV), Rafael Arias Hern\u00e1ndez, quien urgi\u00f3 al gobierno que actualice sus planes y programas para el rescate de la econom\u00eda. [&hellip;]<\/p>\n","protected":false},"author":1,"featured_media":2717,"comment_status":"open","ping_status":"open","sticky":false,"template":"","format":"standard","meta":{"_jetpack_memberships_contains_paid_content":false,"footnotes":""},"categories":[2],"tags":[],"class_list":["post-2716","post","type-post","status-publish","format-standard","has-post-thumbnail","hentry","category-estado"],"jetpack_featured_media_url":"https:\/\/encuentroinformativo.com.mx\/wp-content\/uploads\/2020\/05\/F747F061-D334-4799-A6E7-3C29F5287B53.jpeg","jetpack_sharing_enabled":true,"jetpack_likes_enabled":true,"amp_enabled":true,"_links":{"self":[{"href":"https:\/\/encuentroinformativo.com.mx\/index.php?rest_route=\/wp\/v2\/posts\/2716","targetHints":{"allow":["GET"]}}],"collection":[{"href":"https:\/\/encuentroinformativo.com.mx\/index.php?rest_route=\/wp\/v2\/posts"}],"about":[{"href":"https:\/\/encuentroinformativo.com.mx\/index.php?rest_route=\/wp\/v2\/types\/post"}],"author":[{"embeddable":true,"href":"https:\/\/encuentroinformativo.com.mx\/index.php?rest_route=\/wp\/v2\/users\/1"}],"replies":[{"embeddable":true,"href":"https:\/\/encuentroinformativo.com.mx\/index.php?rest_route=%2Fwp%2Fv2%2Fcomments&post=2716"}],"version-history":[{"count":1,"href":"https:\/\/encuentroinformativo.com.mx\/index.php?rest_route=\/wp\/v2\/posts\/2716\/revisions"}],"predecessor-version":[{"id":2718,"href":"https:\/\/encuentroinformativo.com.mx\/index.php?rest_route=\/wp\/v2\/posts\/2716\/revisions\/2718"}],"wp:featuredmedia":[{"embeddable":true,"href":"https:\/\/encuentroinformativo.com.mx\/index.php?rest_route=\/wp\/v2\/media\/2717"}],"wp:attachment":[{"href":"https:\/\/encuentroinformativo.com.mx\/index.php?rest_route=%2Fwp%2Fv2%2Fmedia&parent=2716"}],"wp:term":[{"taxonomy":"category","embeddable":true,"href":"https:\/\/encuentroinformativo.com.mx\/index.php?rest_route=%2Fwp%2Fv2%2Fcategories&post=2716"},{"taxonomy":"post_tag","embeddable":true,"href":"https:\/\/encuentroinformativo.com.mx\/index.php?rest_route=%2Fwp%2Fv2%2Ftags&post=2716"}],"curies":[{"name":"wp","href":"https:\/\/api.w.org\/{rel}","templated":true}]}}