{"id":27163,"date":"2022-05-13T14:09:44","date_gmt":"2022-05-13T19:09:44","guid":{"rendered":"https:\/\/encuentroinformativo.com.mx\/?p=27163"},"modified":"2022-05-13T14:09:48","modified_gmt":"2022-05-13T19:09:48","slug":"cafetaleros-piden-inclusion-en-programas-de-fertilizantes","status":"publish","type":"post","link":"https:\/\/encuentroinformativo.com.mx\/?p=27163","title":{"rendered":"Cafetaleros piden inclusi\u00f3n en programas de fertilizantes"},"content":{"rendered":"\n<p><strong>Juan Arcos <\/strong><\/p>\n\n\n\n<p>Xalapa, Ver.- L\u00edderes de distintas organizaciones cafetaleras pidieron al presidente de la Rep\u00fablica, Andr\u00e9s Manuel L\u00f3pez Obrador, que incluya a Veracruz en el Programa de Fertilizante.<\/p>\n\n\n\n<p>De acuerdo con Cirio Ruiz Gonz\u00e1lez, presidente del Consejo Regional del Caf\u00e9 de Coatepec, durante varios a\u00f1os se ha tenido problemas en la producci\u00f3n de caf\u00e9 por el hongo de la roya y por los bajos precios.<\/p>\n\n\n\n<p>\u201cPara el actual ciclo se han tenido mejores precios y se espera que no sean bajos para la pr\u00f3xima cosecha. Hay mucho inter\u00e9s de hacer una buena fertilizaci\u00f3n y aumentar la producci\u00f3n de caf\u00e9\u201d, expres\u00f3.<\/p>\n\n\n\n<p>Lo anterior, a su juicio, dar\u00eda como resultado mayores ingresos para los productores, la creaci\u00f3n de m\u00e1s\u00a0empleos en el campo cafetalero, as\u00ed como bienestar a las familias productoras de caf\u00e9 y adem\u00e1s un mayor ingreso de las divisas por concepto de exportaci\u00f3n.<\/p>\n\n\n\n<p>Sin embargo, la necesaria fertilizaci\u00f3n para el aumento en la producci\u00f3n tiene un limitante en el excesivo incremento del costo del fertilizante, que en la mayor\u00eda esdel 100 por ciento comparado con precios del ciclo anterior.<\/p>\n\n\n\n<p>\u201cEs de nuestro conocimiento el anuncio de la ampliaci\u00f3n del programa de fertilizantea m\u00e1s estados y lo de un programa emergente de producci\u00f3n de fertilizanteorg\u00e1nico\u201d, a\u00f1adi\u00f3 Ruiz Gonz\u00e1lez.<\/p>\n\n\n\n<p>En ese sentido, refiri\u00f3 que es necesario apoyar a los productoresy asociaciones que elaboran el fertilizante org\u00e1nico que aplican en sus cafetales.<\/p>\n\n\n\n<p>\u201cEs muy conveniente considerar un Programa de Fertilizaci\u00f3n subsidiando a los peque\u00f1os productores de hasta cinco hect\u00e1reas, subsidio de por lo menos el 60 por ciento del precio del fertilizante\u201d, enfatiz\u00f3 el Presidente del Consejo Regional del Caf\u00e9 de Coatepec.<\/p>\n","protected":false},"excerpt":{"rendered":"<p>Juan Arcos Xalapa, Ver.- L\u00edderes de distintas organizaciones cafetaleras pidieron al presidente de la Rep\u00fablica, Andr\u00e9s Manuel L\u00f3pez Obrador, que incluya a Veracruz en el Programa de Fertilizante. De acuerdo con Cirio Ruiz Gonz\u00e1lez, presidente del Consejo Regional del Caf\u00e9 de Coatepec, durante varios a\u00f1os se ha tenido problemas en la producci\u00f3n de caf\u00e9 por [&hellip;]<\/p>\n","protected":false},"author":1,"featured_media":6502,"comment_status":"open","ping_status":"open","sticky":false,"template":"","format":"standard","meta":{"_jetpack_memberships_contains_paid_content":false,"footnotes":""},"categories":[2],"tags":[],"class_list":["post-27163","post","type-post","status-publish","format-standard","has-post-thumbnail","hentry","category-estado"],"jetpack_featured_media_url":"https:\/\/encuentroinformativo.com.mx\/wp-content\/uploads\/2020\/10\/CAFE-2.jpg","jetpack_sharing_enabled":true,"jetpack_likes_enabled":true,"amp_enabled":true,"_links":{"self":[{"href":"https:\/\/encuentroinformativo.com.mx\/index.php?rest_route=\/wp\/v2\/posts\/27163","targetHints":{"allow":["GET"]}}],"collection":[{"href":"https:\/\/encuentroinformativo.com.mx\/index.php?rest_route=\/wp\/v2\/posts"}],"about":[{"href":"https:\/\/encuentroinformativo.com.mx\/index.php?rest_route=\/wp\/v2\/types\/post"}],"author":[{"embeddable":true,"href":"https:\/\/encuentroinformativo.com.mx\/index.php?rest_route=\/wp\/v2\/users\/1"}],"replies":[{"embeddable":true,"href":"https:\/\/encuentroinformativo.com.mx\/index.php?rest_route=%2Fwp%2Fv2%2Fcomments&post=27163"}],"version-history":[{"count":1,"href":"https:\/\/encuentroinformativo.com.mx\/index.php?rest_route=\/wp\/v2\/posts\/27163\/revisions"}],"predecessor-version":[{"id":27164,"href":"https:\/\/encuentroinformativo.com.mx\/index.php?rest_route=\/wp\/v2\/posts\/27163\/revisions\/27164"}],"wp:featuredmedia":[{"embeddable":true,"href":"https:\/\/encuentroinformativo.com.mx\/index.php?rest_route=\/wp\/v2\/media\/6502"}],"wp:attachment":[{"href":"https:\/\/encuentroinformativo.com.mx\/index.php?rest_route=%2Fwp%2Fv2%2Fmedia&parent=27163"}],"wp:term":[{"taxonomy":"category","embeddable":true,"href":"https:\/\/encuentroinformativo.com.mx\/index.php?rest_route=%2Fwp%2Fv2%2Fcategories&post=27163"},{"taxonomy":"post_tag","embeddable":true,"href":"https:\/\/encuentroinformativo.com.mx\/index.php?rest_route=%2Fwp%2Fv2%2Ftags&post=27163"}],"curies":[{"name":"wp","href":"https:\/\/api.w.org\/{rel}","templated":true}]}}