{"id":27169,"date":"2022-05-13T14:17:04","date_gmt":"2022-05-13T19:17:04","guid":{"rendered":"https:\/\/encuentroinformativo.com.mx\/?p=27169"},"modified":"2022-05-13T14:17:07","modified_gmt":"2022-05-13T19:17:07","slug":"niega-patronato-del-acuario-de-veracruz-presuntas-irregularidades","status":"publish","type":"post","link":"https:\/\/encuentroinformativo.com.mx\/?p=27169","title":{"rendered":"Niega patronato del Acuario de Veracruz presuntas irregularidades"},"content":{"rendered":"\n<p><strong>Alejandro \u00c1vila<\/strong><\/p>\n\n\n\n<p>Veracruz, Ver.- Jos\u00e9 Arturo Hern\u00e1ndez, director administrativo del Acuario de Veracruz, se neg\u00f3 a dar una declaraci\u00f3n en concreto sobre la clausura del recinto tur\u00edstico argumentando que, la tarde de este viernes se enviara un bolet\u00edn informativo con la decisi\u00f3n del Patronato.<\/p>\n\n\n\n<p>Este viernes por la ma\u00f1ana el Consejo Administrativo del Acuario de Veracruz, encabezado por Jaime Rivero Mantec\u00f3n, sostuvo una reuni\u00f3n en las instalaciones del centro tur\u00edstico, d\u00f3nde, presuntamente, habr\u00edan llegado a un acuerdo sobre las medidas a tomar tras la clausura del lugar.<\/p>\n\n\n\n<p>&#8220;Vamos a redactar de manera coherente el bolet\u00edn, para no decir algo que a lo mejor no sea prudente en estos momentos. Queremos ser muy objetivos en esto (\u2026) son 9 empresarios veracruzanos qu\u00e9 de manera honor\u00edfica y desde 30 a\u00f1os que tiene el Acuario, ninguno de ellos ha recibido remuneraci\u00f3n alguna por estar al frente de esto&#8221;, coment\u00f3.<\/p>\n\n\n\n<p>Jos\u00e9 Arturo Hern\u00e1ndez asegur\u00f3 que, la l\u00ednea de comunicaci\u00f3n con el Procurador de Medio Ambiente, Sergio Rodr\u00edguez Cort\u00e9s, ha sido en buena lid, y ser\u00e1 en el comunicado enviado la tarde este viernes, donde se especifiquen las medidas posteriores a tomar por parte del Patronato que dirige al Acuario de Veracruz.<\/p>\n\n\n\n<p>El director administrativo del Acuario de Veracruz asegur\u00f3 que, no tienen ninguna irregularidad en el manejo del recinto tur\u00edstico y recalc\u00f3 a los medios de comunicaci\u00f3n, ser\u00e1 a trav\u00e9s de un bolet\u00edn de prensa donde se informe a detalle la postura del Consejo Administrativo.<\/p>\n\n\n\n<p>Finalmente recalc\u00f3 que, la reapertura del Acuario de Veracruz depender\u00e1 de la autorizaci\u00f3n de la Procuradur\u00eda de Medio Ambiente.<\/p>\n","protected":false},"excerpt":{"rendered":"<p>Alejandro \u00c1vila Veracruz, Ver.- Jos\u00e9 Arturo Hern\u00e1ndez, director administrativo del Acuario de Veracruz, se neg\u00f3 a dar una declaraci\u00f3n en concreto sobre la clausura del recinto tur\u00edstico argumentando que, la tarde de este viernes se enviara un bolet\u00edn informativo con la decisi\u00f3n del Patronato. Este viernes por la ma\u00f1ana el Consejo Administrativo del Acuario de [&hellip;]<\/p>\n","protected":false},"author":1,"featured_media":27170,"comment_status":"open","ping_status":"open","sticky":false,"template":"","format":"standard","meta":{"_jetpack_memberships_contains_paid_content":false,"footnotes":""},"categories":[2],"tags":[],"class_list":["post-27169","post","type-post","status-publish","format-standard","has-post-thumbnail","hentry","category-estado"],"jetpack_featured_media_url":"https:\/\/encuentroinformativo.com.mx\/wp-content\/uploads\/2022\/05\/6C6933B7-9B30-4175-AD02-0A6B2709E580.jpeg","jetpack_sharing_enabled":true,"jetpack_likes_enabled":true,"amp_enabled":true,"_links":{"self":[{"href":"https:\/\/encuentroinformativo.com.mx\/index.php?rest_route=\/wp\/v2\/posts\/27169","targetHints":{"allow":["GET"]}}],"collection":[{"href":"https:\/\/encuentroinformativo.com.mx\/index.php?rest_route=\/wp\/v2\/posts"}],"about":[{"href":"https:\/\/encuentroinformativo.com.mx\/index.php?rest_route=\/wp\/v2\/types\/post"}],"author":[{"embeddable":true,"href":"https:\/\/encuentroinformativo.com.mx\/index.php?rest_route=\/wp\/v2\/users\/1"}],"replies":[{"embeddable":true,"href":"https:\/\/encuentroinformativo.com.mx\/index.php?rest_route=%2Fwp%2Fv2%2Fcomments&post=27169"}],"version-history":[{"count":1,"href":"https:\/\/encuentroinformativo.com.mx\/index.php?rest_route=\/wp\/v2\/posts\/27169\/revisions"}],"predecessor-version":[{"id":27171,"href":"https:\/\/encuentroinformativo.com.mx\/index.php?rest_route=\/wp\/v2\/posts\/27169\/revisions\/27171"}],"wp:featuredmedia":[{"embeddable":true,"href":"https:\/\/encuentroinformativo.com.mx\/index.php?rest_route=\/wp\/v2\/media\/27170"}],"wp:attachment":[{"href":"https:\/\/encuentroinformativo.com.mx\/index.php?rest_route=%2Fwp%2Fv2%2Fmedia&parent=27169"}],"wp:term":[{"taxonomy":"category","embeddable":true,"href":"https:\/\/encuentroinformativo.com.mx\/index.php?rest_route=%2Fwp%2Fv2%2Fcategories&post=27169"},{"taxonomy":"post_tag","embeddable":true,"href":"https:\/\/encuentroinformativo.com.mx\/index.php?rest_route=%2Fwp%2Fv2%2Ftags&post=27169"}],"curies":[{"name":"wp","href":"https:\/\/api.w.org\/{rel}","templated":true}]}}