{"id":27172,"date":"2022-05-13T14:21:15","date_gmt":"2022-05-13T19:21:15","guid":{"rendered":"https:\/\/encuentroinformativo.com.mx\/?p=27172"},"modified":"2022-05-13T14:21:19","modified_gmt":"2022-05-13T19:21:19","slug":"comerciantes-de-mercado-los-portales-adeudan-4-mdp-a-ayuntamiento-de-poza-rica","status":"publish","type":"post","link":"https:\/\/encuentroinformativo.com.mx\/?p=27172","title":{"rendered":"Comerciantes de mercado Los Portales adeudan 4 mdp a Ayuntamiento de Poza Rica"},"content":{"rendered":"\n<p><strong>Alejandro \u00c1vila<\/strong><\/p>\n\n\n\n<p>Poza Rica, Ver.- Mauro S\u00e1nchez Rosas, presidente de la Uni\u00f3n de Locatarios del mercado Los Portales, reconoci\u00f3 un adeudo que se tiene con el Ayuntamiento de Poza Rica cercano a los 4 millones de pesos.<\/p>\n\n\n\n<p>Ante esta situaci\u00f3n los comerciantes solicitaron realizar un convenio con la Tesorer\u00eda Municipal, a fin de lograr un acuerdo y evitar futuros conflictos.<\/p>\n\n\n\n<p>Esta situaci\u00f3n, relataron los locatarios, fue producto de la pandemia, pues s\u00ed bien las ventas hab\u00edan disminuido, durante la pandemia quedaron sin los recursos necesarios para poder cumplir con sus obligaciones.<\/p>\n\n\n\n<p>El mercado Los Portales en Poza Rica cuenta con cerca de 760 locales, y los due\u00f1os de los negocios, desde hace poco m\u00e1s de 2 a\u00f1os, no han podido pagar sus adeudos, por lo que solicitaron una pr\u00f3rroga o acuerdo a las autoridades municipales.<\/p>\n\n\n\n<p>Mauro S\u00e1nchez mencion\u00f3 que, la reuni\u00f3n con las autoridades municipales ser\u00e1 el pr\u00f3ximo 26 de mayo donde esperan obtener una respuesta satisfactoria, para lograr un acuerdo y liquidara as\u00ed sus adeudos.<\/p>\n\n\n\n<p>Los comerciantes mencionaron qu\u00e9, en el primer trimestre del 2022 las ventas han aumentado cerca de un 20 por ciento, por lo que se encuentran en total disposici\u00f3n de ponerse al corriente con el Ayuntamiento de Poza Rica.<\/p>\n","protected":false},"excerpt":{"rendered":"<p>Alejandro \u00c1vila Poza Rica, Ver.- Mauro S\u00e1nchez Rosas, presidente de la Uni\u00f3n de Locatarios del mercado Los Portales, reconoci\u00f3 un adeudo que se tiene con el Ayuntamiento de Poza Rica cercano a los 4 millones de pesos. Ante esta situaci\u00f3n los comerciantes solicitaron realizar un convenio con la Tesorer\u00eda Municipal, a fin de lograr un [&hellip;]<\/p>\n","protected":false},"author":1,"featured_media":27173,"comment_status":"open","ping_status":"open","sticky":false,"template":"","format":"standard","meta":{"_jetpack_memberships_contains_paid_content":false,"footnotes":""},"categories":[2],"tags":[],"class_list":["post-27172","post","type-post","status-publish","format-standard","has-post-thumbnail","hentry","category-estado"],"jetpack_featured_media_url":"https:\/\/encuentroinformativo.com.mx\/wp-content\/uploads\/2022\/05\/28F67E08-9622-442E-8325-9FA2D8F829A2.jpeg","jetpack_sharing_enabled":true,"jetpack_likes_enabled":true,"amp_enabled":true,"_links":{"self":[{"href":"https:\/\/encuentroinformativo.com.mx\/index.php?rest_route=\/wp\/v2\/posts\/27172","targetHints":{"allow":["GET"]}}],"collection":[{"href":"https:\/\/encuentroinformativo.com.mx\/index.php?rest_route=\/wp\/v2\/posts"}],"about":[{"href":"https:\/\/encuentroinformativo.com.mx\/index.php?rest_route=\/wp\/v2\/types\/post"}],"author":[{"embeddable":true,"href":"https:\/\/encuentroinformativo.com.mx\/index.php?rest_route=\/wp\/v2\/users\/1"}],"replies":[{"embeddable":true,"href":"https:\/\/encuentroinformativo.com.mx\/index.php?rest_route=%2Fwp%2Fv2%2Fcomments&post=27172"}],"version-history":[{"count":1,"href":"https:\/\/encuentroinformativo.com.mx\/index.php?rest_route=\/wp\/v2\/posts\/27172\/revisions"}],"predecessor-version":[{"id":27174,"href":"https:\/\/encuentroinformativo.com.mx\/index.php?rest_route=\/wp\/v2\/posts\/27172\/revisions\/27174"}],"wp:featuredmedia":[{"embeddable":true,"href":"https:\/\/encuentroinformativo.com.mx\/index.php?rest_route=\/wp\/v2\/media\/27173"}],"wp:attachment":[{"href":"https:\/\/encuentroinformativo.com.mx\/index.php?rest_route=%2Fwp%2Fv2%2Fmedia&parent=27172"}],"wp:term":[{"taxonomy":"category","embeddable":true,"href":"https:\/\/encuentroinformativo.com.mx\/index.php?rest_route=%2Fwp%2Fv2%2Fcategories&post=27172"},{"taxonomy":"post_tag","embeddable":true,"href":"https:\/\/encuentroinformativo.com.mx\/index.php?rest_route=%2Fwp%2Fv2%2Ftags&post=27172"}],"curies":[{"name":"wp","href":"https:\/\/api.w.org\/{rel}","templated":true}]}}