{"id":27179,"date":"2022-05-13T16:05:30","date_gmt":"2022-05-13T21:05:30","guid":{"rendered":"https:\/\/encuentroinformativo.com.mx\/?p=27179"},"modified":"2022-05-13T16:05:34","modified_gmt":"2022-05-13T21:05:34","slug":"culpa-delegado-a-viejo-regimen-de-protestas-en-bienestar","status":"publish","type":"post","link":"https:\/\/encuentroinformativo.com.mx\/?p=27179","title":{"rendered":"Culpa delegado a \u201cviejo r\u00e9gimen\u201d de protestas en Bienestar"},"content":{"rendered":"\n<p><strong>Dar\u00edo Pale <\/strong><\/p>\n\n\n\n<p>Xalapa, Ver.- El delegado de los programas de Bienestar en Veracruz Manuel Huerta Ladr\u00f3n de Guevara dio a conocer que pese a las protestas y toma de las instalaciones por parte de los trabajadores la operaci\u00f3n de los programas no paran.<\/p>\n\n\n\n<p>En entrevista se\u00f1al\u00f3 que, se trata de una protesta a nivel nacional, pero opin\u00f3 que se trata tambi\u00e9n de una sinergia del viejo r\u00e9gimen.<\/p>\n\n\n\n<p>Record\u00f3 que muchos, por su edad o condiciones de salud, de los trabajadores sindicalizados se fueron a sus casas, durante toda la pandemia, mientras que los trabajadores no sindicalizados iban a laborar.<\/p>\n\n\n\n<p>&#8220;Dos a\u00f1os sin trabajar los sindicalizados, regresan, tienen sus opiniones. Nosotros somos muy respetuosos de sus derechos. Hasta huelga pueden hacer si quieren, pero tienen que establecer un planteamiento, peticiones&#8221;, se\u00f1al\u00f3.<\/p>\n\n\n\n<p>&#8220;La verdad es que la toma de las instalaciones es algo extremo, entiendo que quieren hacerse notar y parar la operaci\u00f3n, pero por desgracia para ellos y de ventaja para nosotros, estamos en el territorio, entonces la operaci\u00f3n de los programas no se detiene&#8221;, agreg\u00f3.<\/p>\n\n\n\n<p>Dio a conocer que seguir\u00e1n trabajando, porque siempre trabajan d\u00edas festivos, todos los d\u00edas de la semana, &#8220;a lo mejor ese es la inercia de la transformaci\u00f3n que no entienden&#8221;.<\/p>\n\n\n\n<p>El Delegado resalt\u00f3 que los acuerdos seguramente se van a tomar a nivel central, a nivel Federal, porque aqu\u00ed no se puede hacer nada y espera que lleguen a buen t\u00e9rmino.<\/p>\n\n\n\n<p>Finalmente resalt\u00f3 que en este momento la prioridad es el programa de la Escuela es Nuestra y continuar con la vacunaci\u00f3n, adem\u00e1s de que est\u00e1n esperando al presidente Andr\u00e9s Manuel L\u00f3pez Obrador, que llega nuevamente este s\u00e1bado.<\/p>\n","protected":false},"excerpt":{"rendered":"<p>Dar\u00edo Pale Xalapa, Ver.- El delegado de los programas de Bienestar en Veracruz Manuel Huerta Ladr\u00f3n de Guevara dio a conocer que pese a las protestas y toma de las instalaciones por parte de los trabajadores la operaci\u00f3n de los programas no paran. En entrevista se\u00f1al\u00f3 que, se trata de una protesta a nivel nacional, [&hellip;]<\/p>\n","protected":false},"author":1,"featured_media":26068,"comment_status":"open","ping_status":"open","sticky":false,"template":"","format":"standard","meta":{"_jetpack_memberships_contains_paid_content":false,"footnotes":""},"categories":[2],"tags":[],"class_list":["post-27179","post","type-post","status-publish","format-standard","has-post-thumbnail","hentry","category-estado"],"jetpack_featured_media_url":"https:\/\/encuentroinformativo.com.mx\/wp-content\/uploads\/2022\/04\/CA9F3134-3470-4610-8C7E-5F747A06C7A1.jpeg","jetpack_sharing_enabled":true,"jetpack_likes_enabled":true,"amp_enabled":true,"_links":{"self":[{"href":"https:\/\/encuentroinformativo.com.mx\/index.php?rest_route=\/wp\/v2\/posts\/27179","targetHints":{"allow":["GET"]}}],"collection":[{"href":"https:\/\/encuentroinformativo.com.mx\/index.php?rest_route=\/wp\/v2\/posts"}],"about":[{"href":"https:\/\/encuentroinformativo.com.mx\/index.php?rest_route=\/wp\/v2\/types\/post"}],"author":[{"embeddable":true,"href":"https:\/\/encuentroinformativo.com.mx\/index.php?rest_route=\/wp\/v2\/users\/1"}],"replies":[{"embeddable":true,"href":"https:\/\/encuentroinformativo.com.mx\/index.php?rest_route=%2Fwp%2Fv2%2Fcomments&post=27179"}],"version-history":[{"count":1,"href":"https:\/\/encuentroinformativo.com.mx\/index.php?rest_route=\/wp\/v2\/posts\/27179\/revisions"}],"predecessor-version":[{"id":27180,"href":"https:\/\/encuentroinformativo.com.mx\/index.php?rest_route=\/wp\/v2\/posts\/27179\/revisions\/27180"}],"wp:featuredmedia":[{"embeddable":true,"href":"https:\/\/encuentroinformativo.com.mx\/index.php?rest_route=\/wp\/v2\/media\/26068"}],"wp:attachment":[{"href":"https:\/\/encuentroinformativo.com.mx\/index.php?rest_route=%2Fwp%2Fv2%2Fmedia&parent=27179"}],"wp:term":[{"taxonomy":"category","embeddable":true,"href":"https:\/\/encuentroinformativo.com.mx\/index.php?rest_route=%2Fwp%2Fv2%2Fcategories&post=27179"},{"taxonomy":"post_tag","embeddable":true,"href":"https:\/\/encuentroinformativo.com.mx\/index.php?rest_route=%2Fwp%2Fv2%2Ftags&post=27179"}],"curies":[{"name":"wp","href":"https:\/\/api.w.org\/{rel}","templated":true}]}}