{"id":27184,"date":"2022-05-14T12:21:45","date_gmt":"2022-05-14T17:21:45","guid":{"rendered":"https:\/\/encuentroinformativo.com.mx\/?p=27184"},"modified":"2022-05-14T12:21:49","modified_gmt":"2022-05-14T17:21:49","slug":"en-2024-la-contienda-electoral-sera-cerrada-senador","status":"publish","type":"post","link":"https:\/\/encuentroinformativo.com.mx\/?p=27184","title":{"rendered":"En 2024 la contienda electoral ser\u00e1 cerrada: Senador"},"content":{"rendered":"\n<p><strong>Alejandro \u00c1vila<\/strong><\/p>\n\n\n\n<p>Veracruz, Ver.- El Senador, Miguel \u00c1ngel Mancera Espinosa dijo confiar que, para el 2024 exista una alianza amplia y un gobierno de coalici\u00f3n, sumando esfuerzos con Movimiento Ciudadano.<\/p>\n\n\n\n<p>De visita en el puerto de Veracruz, donde particip\u00f3 en el Seminario de &#8220;Procesos Legislativos&#8221;, organizado por una universidad privada y la Senadora, Indira Rosales San Rom\u00e1n; destac\u00f3 su presencia en Veracruz como algo emblem\u00e1tico, debido a que en la entidad veracruzana luchan por la libertad de su compa\u00f1ero Jos\u00e9 Manuel del R\u00edo Virgen.<\/p>\n\n\n\n<p>&#8220;S\u00ed creo que Movimiento Ciudadano sea importante, Movimiento Ciudadano es importante, si se alcanzan los consensos se puede lograr, yo s\u00ed soy creyente de que se puede (\u2026) de aqu\u00ed al 24 yo creo que pueda haber una contienda interesante, una contienda cerrada, puede haber una participaci\u00f3n muy importante de la ciudadan\u00eda, yo espero que haya esa reacci\u00f3n&#8221;, subray\u00f3.<\/p>\n\n\n\n<p>Finalmente, el perredista recalc\u00f3 qu\u00e9, contin\u00faan en la lucha por la libertad de su compa\u00f1era en el Senado, Jos\u00e9 Manuel del R\u00edo Virgen.<\/p>\n\n\n\n<p>&#8220;Yo reitero, espero que llegue ya pronto la justicia para Jos\u00e9 Manuel del R\u00edo&#8221;, remat\u00f3.<\/p>\n","protected":false},"excerpt":{"rendered":"<p>Alejandro \u00c1vila Veracruz, Ver.- El Senador, Miguel \u00c1ngel Mancera Espinosa dijo confiar que, para el 2024 exista una alianza amplia y un gobierno de coalici\u00f3n, sumando esfuerzos con Movimiento Ciudadano. De visita en el puerto de Veracruz, donde particip\u00f3 en el Seminario de &#8220;Procesos Legislativos&#8221;, organizado por una universidad privada y la Senadora, Indira Rosales [&hellip;]<\/p>\n","protected":false},"author":1,"featured_media":27185,"comment_status":"open","ping_status":"open","sticky":false,"template":"","format":"standard","meta":{"_jetpack_memberships_contains_paid_content":false,"footnotes":""},"categories":[2],"tags":[],"class_list":["post-27184","post","type-post","status-publish","format-standard","has-post-thumbnail","hentry","category-estado"],"jetpack_featured_media_url":"https:\/\/encuentroinformativo.com.mx\/wp-content\/uploads\/2022\/05\/DCA2C2F5-1F66-4966-898E-9BB2D5103344.jpeg","jetpack_sharing_enabled":true,"jetpack_likes_enabled":true,"amp_enabled":true,"_links":{"self":[{"href":"https:\/\/encuentroinformativo.com.mx\/index.php?rest_route=\/wp\/v2\/posts\/27184","targetHints":{"allow":["GET"]}}],"collection":[{"href":"https:\/\/encuentroinformativo.com.mx\/index.php?rest_route=\/wp\/v2\/posts"}],"about":[{"href":"https:\/\/encuentroinformativo.com.mx\/index.php?rest_route=\/wp\/v2\/types\/post"}],"author":[{"embeddable":true,"href":"https:\/\/encuentroinformativo.com.mx\/index.php?rest_route=\/wp\/v2\/users\/1"}],"replies":[{"embeddable":true,"href":"https:\/\/encuentroinformativo.com.mx\/index.php?rest_route=%2Fwp%2Fv2%2Fcomments&post=27184"}],"version-history":[{"count":1,"href":"https:\/\/encuentroinformativo.com.mx\/index.php?rest_route=\/wp\/v2\/posts\/27184\/revisions"}],"predecessor-version":[{"id":27186,"href":"https:\/\/encuentroinformativo.com.mx\/index.php?rest_route=\/wp\/v2\/posts\/27184\/revisions\/27186"}],"wp:featuredmedia":[{"embeddable":true,"href":"https:\/\/encuentroinformativo.com.mx\/index.php?rest_route=\/wp\/v2\/media\/27185"}],"wp:attachment":[{"href":"https:\/\/encuentroinformativo.com.mx\/index.php?rest_route=%2Fwp%2Fv2%2Fmedia&parent=27184"}],"wp:term":[{"taxonomy":"category","embeddable":true,"href":"https:\/\/encuentroinformativo.com.mx\/index.php?rest_route=%2Fwp%2Fv2%2Fcategories&post=27184"},{"taxonomy":"post_tag","embeddable":true,"href":"https:\/\/encuentroinformativo.com.mx\/index.php?rest_route=%2Fwp%2Fv2%2Ftags&post=27184"}],"curies":[{"name":"wp","href":"https:\/\/api.w.org\/{rel}","templated":true}]}}