{"id":2719,"date":"2020-05-21T14:25:33","date_gmt":"2020-05-21T19:25:33","guid":{"rendered":"https:\/\/encuentroinformativo.com\/?p=2719"},"modified":"2020-05-21T14:25:38","modified_gmt":"2020-05-21T19:25:38","slug":"por-pandemia-se-pierden-toneladas-de-produccion-de-platano","status":"publish","type":"post","link":"https:\/\/encuentroinformativo.com.mx\/?p=2719","title":{"rendered":"Por pandemia, se pierden toneladas de producci\u00f3n de pl\u00e1tano"},"content":{"rendered":"\n<p><strong>Dar\u00edo Pale<\/strong><\/p>\n\n\n\n<p>Xalapa, Ver.- Debido a la contingencia que se est\u00e1 viviendo en el pa\u00eds los compradores de pl\u00e1tano no se han surtido lo cual ha provocado la p\u00e9rdida de aproximadamente 15 toneladas a cada productor en los \u00faltimos dos meses.<\/p>\n\n\n\n<p>Lo anterior lo dio a conocer Sergio Eduardo Graillet Contreras, presidente del Sistema Producto Pl\u00e1tano del Estado de Veracruz, quien lament\u00f3 que se hayan perdido alrededor de 15 toneladas cada uno de los productores de esta fruta en el transcurso de dos meses y medio por la falta de compradores.<\/p>\n\n\n\n<p>Lo anterior provoc\u00f3 la suspensi\u00f3n de actividades comerciales y escolares que a consecuencia de la pandemia provocada por el nuevo coronavirus, asegur\u00f3 que los da\u00f1os que esta situaci\u00f3n gener\u00f3 la padecen los 4 mil 500 productores en el estado.<\/p>\n\n\n\n<p>&#8220;Eso ocasion\u00f3 que los productores tuvi\u00e9ramos que de tirar la producci\u00f3n de m\u00e1s de dos meses, por no tener mercado a qui\u00e9n venderle. Como no ten\u00edamos compradores en las centrales de abasto ni en los mercados, se tuvo que tirar esa fruta. Algunos productores aprovecharon para d\u00e1rselo al ganando. Hablamos que cada productor perdi\u00f3 15 toneladas en alrededor de dos meses y medio&#8221;, se\u00f1al\u00f3.<\/p>\n\n\n\n<p>Explic\u00f3 que los pl\u00e1tanos se debieron tirar porque a diferencia de otras frutas, se maduran r\u00e1pido y al no tener salida de venta se echan a perder f\u00e1cilmente, esto g\u00e9nero efectos en cadena, tanto a \u00a0jornaleros, comerciantes y transportistas y por consecuencia a cientos de familias.<\/p>\n\n\n\n<p>&#8220;Nada m\u00e1s le estamos dando tres o cuatro d\u00edas de trabajo, al no tener qu\u00e9 vender, no tenemos con qu\u00e9 pagarles&#8221;, lament\u00f3 el entrevistado.<\/p>\n\n\n\n<p>Finalmente Sergio Graillet dijo que la crisis es fuerte, pues adem\u00e1s aument\u00f3 el precio de los agroqu\u00edmicos y fertilizantes.<\/p>\n\n\n\n<p><\/p>\n","protected":false},"excerpt":{"rendered":"<p>Dar\u00edo Pale Xalapa, Ver.- Debido a la contingencia que se est\u00e1 viviendo en el pa\u00eds los compradores de pl\u00e1tano no se han surtido lo cual ha provocado la p\u00e9rdida de aproximadamente 15 toneladas a cada productor en los \u00faltimos dos meses. Lo anterior lo dio a conocer Sergio Eduardo Graillet Contreras, presidente del Sistema Producto [&hellip;]<\/p>\n","protected":false},"author":1,"featured_media":2720,"comment_status":"open","ping_status":"open","sticky":false,"template":"","format":"standard","meta":{"_jetpack_memberships_contains_paid_content":false,"footnotes":""},"categories":[2],"tags":[],"class_list":["post-2719","post","type-post","status-publish","format-standard","has-post-thumbnail","hentry","category-estado"],"jetpack_featured_media_url":"https:\/\/encuentroinformativo.com.mx\/wp-content\/uploads\/2020\/05\/F06E4FE3-5FE7-41B2-A915-3D5A3A6FA42A.jpeg","jetpack_sharing_enabled":true,"jetpack_likes_enabled":true,"amp_enabled":true,"_links":{"self":[{"href":"https:\/\/encuentroinformativo.com.mx\/index.php?rest_route=\/wp\/v2\/posts\/2719","targetHints":{"allow":["GET"]}}],"collection":[{"href":"https:\/\/encuentroinformativo.com.mx\/index.php?rest_route=\/wp\/v2\/posts"}],"about":[{"href":"https:\/\/encuentroinformativo.com.mx\/index.php?rest_route=\/wp\/v2\/types\/post"}],"author":[{"embeddable":true,"href":"https:\/\/encuentroinformativo.com.mx\/index.php?rest_route=\/wp\/v2\/users\/1"}],"replies":[{"embeddable":true,"href":"https:\/\/encuentroinformativo.com.mx\/index.php?rest_route=%2Fwp%2Fv2%2Fcomments&post=2719"}],"version-history":[{"count":1,"href":"https:\/\/encuentroinformativo.com.mx\/index.php?rest_route=\/wp\/v2\/posts\/2719\/revisions"}],"predecessor-version":[{"id":2721,"href":"https:\/\/encuentroinformativo.com.mx\/index.php?rest_route=\/wp\/v2\/posts\/2719\/revisions\/2721"}],"wp:featuredmedia":[{"embeddable":true,"href":"https:\/\/encuentroinformativo.com.mx\/index.php?rest_route=\/wp\/v2\/media\/2720"}],"wp:attachment":[{"href":"https:\/\/encuentroinformativo.com.mx\/index.php?rest_route=%2Fwp%2Fv2%2Fmedia&parent=2719"}],"wp:term":[{"taxonomy":"category","embeddable":true,"href":"https:\/\/encuentroinformativo.com.mx\/index.php?rest_route=%2Fwp%2Fv2%2Fcategories&post=2719"},{"taxonomy":"post_tag","embeddable":true,"href":"https:\/\/encuentroinformativo.com.mx\/index.php?rest_route=%2Fwp%2Fv2%2Ftags&post=2719"}],"curies":[{"name":"wp","href":"https:\/\/api.w.org\/{rel}","templated":true}]}}