{"id":27190,"date":"2022-05-14T14:17:47","date_gmt":"2022-05-14T19:17:47","guid":{"rendered":"https:\/\/encuentroinformativo.com.mx\/?p=27190"},"modified":"2022-05-14T16:27:57","modified_gmt":"2022-05-14T21:27:57","slug":"oficial-puente-por-el-dia-del-maestro","status":"publish","type":"post","link":"https:\/\/encuentroinformativo.com.mx\/?p=27190","title":{"rendered":"Oficial, puente por el D\u00eda del Maestro"},"content":{"rendered":"\n<p><strong>Dar\u00edo Pale <\/strong><\/p>\n\n\n\n<p>Xalapa, Ver.- El titular de la Secretaria de Educaci\u00f3n de Veracruz (SEV), Zenyazen Roberto Escobar Garc\u00eda dio a conocer que el est\u00e1 trabajando y por el momento y que ya ma\u00f1ana ser\u00e1 otro d\u00eda \u201cy ya se ver\u00e1\u201d.<\/p>\n\n\n\n<p>En entrevista se\u00f1al\u00f3 que el d\u00eda que oficialmente se est\u00e1 dando por el d\u00eda del maestro es el lunes 16, ya que es muy claro y sali\u00f3 publicado en la Gaceta oficial de que c\u00f3mo ca\u00eda domingo el gobernador design\u00f3 a bien dar el d\u00eda lunes.<\/p>\n\n\n\n<p>En otro orden de ideas, al ser cuestionado por su menci\u00f3n en diferentes columnas como posible candidato a gobernador, la respuesta fue, \u201cyo estoy trabajando, y ya el d\u00eda de ma\u00f1ana se ver\u00e1\u201d.<\/p>\n\n\n\n<p>Dio a conocer que la dependencia estatal, que atiende a m\u00e1s de 23 mil planteles educativos tiene mucho trabajo, y se enfocar\u00e1 en sacar adelante todos los pendientes con la idea de que se puedan elevar los niveles de evaluaci\u00f3n de los estudiantes de nivel b\u00e1sico y media superior.<\/p>\n\n\n\n<p>\u201cTengo mucho trabajo que hacer, yo creo que me tengo que enfocar en llegar a los primeros lugares a Veracruz; mejorar la infraestructura que tenemos. Yo estoy enfocado de trabajar como maestro en el proyecto educativo\u201d.<\/p>\n\n\n\n<p>Cuestionado por el hecho de que varios funcionarios y diputados ya han externado su inter\u00e9s de competir por la gubernatura, expres\u00f3: \u201cHay prioridades, y mi prioridad es el magisterio y la educaci\u00f3n de ni\u00f1as y ni\u00f1os\u201d.<\/p>\n\n\n\n<p>\u201cYo estoy en lo m\u00edo, estoy trabajando, y ya el d\u00eda de ma\u00f1ana se dir\u00e1\u201d dijo en la intenci\u00f3n de evitar responder si tiene intenciones de competir en la interna de Morena por la gubernatura que se renovar\u00e1 en el 2024.<\/p>\n\n\n\n<p>En cuanto al hermanamiento con Cuba se\u00f1al\u00f3 que hay mucha historia que une a Veracruz con Cuba, adem\u00e1s de que cuentan con una propuesta un estar\u00e1n dando a conocer pero primero lo platicar\u00e1 con la delegaci\u00f3n.<\/p>\n\n\n\n<p>Finalmente record\u00f3 que ya han tenido colaboraciones ya que a \u00e9l hace dos a\u00f1os lo invitaron a un congreso en Cuba para el programa de matem\u00e1ticas para todos el cual est\u00e1 siendo evaluado para poder replicarlo en M\u00e9xico o a nivel internacional.<\/p>\n","protected":false},"excerpt":{"rendered":"<p>Dar\u00edo Pale Xalapa, Ver.- El titular de la Secretaria de Educaci\u00f3n de Veracruz (SEV), Zenyazen Roberto Escobar Garc\u00eda dio a conocer que el est\u00e1 trabajando y por el momento y que ya ma\u00f1ana ser\u00e1 otro d\u00eda \u201cy ya se ver\u00e1\u201d. En entrevista se\u00f1al\u00f3 que el d\u00eda que oficialmente se est\u00e1 dando por el d\u00eda del [&hellip;]<\/p>\n","protected":false},"author":1,"featured_media":27200,"comment_status":"open","ping_status":"open","sticky":false,"template":"","format":"standard","meta":{"_jetpack_memberships_contains_paid_content":false,"footnotes":""},"categories":[2],"tags":[],"class_list":["post-27190","post","type-post","status-publish","format-standard","has-post-thumbnail","hentry","category-estado"],"jetpack_featured_media_url":"https:\/\/encuentroinformativo.com.mx\/wp-content\/uploads\/2022\/05\/26A8DC56-C24E-4C0F-80F1-00EC8322184E.jpeg","jetpack_sharing_enabled":true,"jetpack_likes_enabled":true,"amp_enabled":true,"_links":{"self":[{"href":"https:\/\/encuentroinformativo.com.mx\/index.php?rest_route=\/wp\/v2\/posts\/27190","targetHints":{"allow":["GET"]}}],"collection":[{"href":"https:\/\/encuentroinformativo.com.mx\/index.php?rest_route=\/wp\/v2\/posts"}],"about":[{"href":"https:\/\/encuentroinformativo.com.mx\/index.php?rest_route=\/wp\/v2\/types\/post"}],"author":[{"embeddable":true,"href":"https:\/\/encuentroinformativo.com.mx\/index.php?rest_route=\/wp\/v2\/users\/1"}],"replies":[{"embeddable":true,"href":"https:\/\/encuentroinformativo.com.mx\/index.php?rest_route=%2Fwp%2Fv2%2Fcomments&post=27190"}],"version-history":[{"count":1,"href":"https:\/\/encuentroinformativo.com.mx\/index.php?rest_route=\/wp\/v2\/posts\/27190\/revisions"}],"predecessor-version":[{"id":27192,"href":"https:\/\/encuentroinformativo.com.mx\/index.php?rest_route=\/wp\/v2\/posts\/27190\/revisions\/27192"}],"wp:featuredmedia":[{"embeddable":true,"href":"https:\/\/encuentroinformativo.com.mx\/index.php?rest_route=\/wp\/v2\/media\/27200"}],"wp:attachment":[{"href":"https:\/\/encuentroinformativo.com.mx\/index.php?rest_route=%2Fwp%2Fv2%2Fmedia&parent=27190"}],"wp:term":[{"taxonomy":"category","embeddable":true,"href":"https:\/\/encuentroinformativo.com.mx\/index.php?rest_route=%2Fwp%2Fv2%2Fcategories&post=27190"},{"taxonomy":"post_tag","embeddable":true,"href":"https:\/\/encuentroinformativo.com.mx\/index.php?rest_route=%2Fwp%2Fv2%2Ftags&post=27190"}],"curies":[{"name":"wp","href":"https:\/\/api.w.org\/{rel}","templated":true}]}}