{"id":27197,"date":"2022-05-14T16:24:43","date_gmt":"2022-05-14T21:24:43","guid":{"rendered":"https:\/\/encuentroinformativo.com.mx\/?p=27197"},"modified":"2022-05-14T16:24:47","modified_gmt":"2022-05-14T21:24:47","slug":"se-fortalecen-lazos-mexico-cuba-embajador","status":"publish","type":"post","link":"https:\/\/encuentroinformativo.com.mx\/?p=27197","title":{"rendered":"Se fortalecen lazos M\u00e9xico-Cuba: Embajador"},"content":{"rendered":"\n<p><strong>Dar\u00edo Pale <\/strong><\/p>\n\n\n\n<p>Xalapa, Ver.- El Embajador cubano Marcos Rodr\u00edguez Costa se\u00f1al\u00f3 que M\u00e9xico y en especial Veracruz, son importantes para la &#8220;Revoluci\u00f3n de Cuba&#8221;, as\u00ed lo se\u00f1al\u00f3 previo al inicio del \u201cXVI Encuentro Nacional de Solidaridad con Cuba\u201d.<\/p>\n\n\n\n<p>En entrevista record\u00f3 que la Revoluci\u00f3n Cubana se gest\u00f3 en 1956 desde M\u00e9xico, en especial cuando desde el puerto de Tuxpan Veracruz zarp\u00f3 el buque \u201cGranma\u201d a la Isla donde iba el comandante Fidel Castro, por lo que el hermanamiento entre ambas naciones es una extensi\u00f3n de la historia.<\/p>\n\n\n\n<p>Reiter\u00f3 el respaldo que su pa\u00eds ha recibido en todo momento de M\u00e9xico y en estos \u00faltimos a\u00f1os ante el bloqueo que son objeto.<\/p>\n\n\n\n<p>Se\u00f1al\u00f3 que con estas acciones se fortalece a\u00fan m\u00e1s el hermanamiento entre ambos pa\u00edses, donde se mantiene una estrecha relaci\u00f3n que permite la colaboraci\u00f3n entre ambos en diversos temas.<\/p>\n\n\n\n<p>\u201cEste encuentro es una continuidad de esta hist\u00f3rica relaci\u00f3n que ha existido entre Veracruz y la Habana, Cuba en general, donde siempre se recuerda la partida hist\u00f3rica del yate Granma en el a\u00f1o 56 que fue la semilla que fue para Cuba al frente con el comandante Fidel Castro y que tantos mexicanos ayudaron a que esto se consumara&#8221;, se\u00f1al\u00f3.<\/p>\n\n\n\n<p>&#8220;Este encuentro en Xalapa, en el estado de Veracruz es una continuidad de esa historia y de esa relaci\u00f3n tan estrecha entre el pueblo de Cuba, el pueblo de M\u00e9xico y especialmente el pueblo de Veracruz\u201d, agreg\u00f3.<\/p>\n\n\n\n<p>Por lo anterior dio a conocer que en este \u201cXVI Encuentro Nacional de Solidaridad con Cuba\u201d, que se realiza en la capital veracruzana, se abordar\u00e1n diversos temas referentes a la situaci\u00f3n de Cuba.<\/p>\n\n\n\n<p>Finalmente dio a conocer que, \u201cse van a tratar los temas cubanos, los temas culturales, los temas econ\u00f3micos, los temas pol\u00edticos, se va a ver todo de forma nuestros amigos mexicanos puedan tener en este encuentro una idea de con qu\u00e9 es con lo que est\u00e1n siendo solidarios y est\u00e1n siendo solidarios con un pueblo que cada d\u00eda se crece m\u00e1s y que, sin embargo, cada d\u00eda necesita y agradece m\u00e1s amigos como los mexicanos\u201d.<\/p>\n","protected":false},"excerpt":{"rendered":"<p>Dar\u00edo Pale Xalapa, Ver.- El Embajador cubano Marcos Rodr\u00edguez Costa se\u00f1al\u00f3 que M\u00e9xico y en especial Veracruz, son importantes para la &#8220;Revoluci\u00f3n de Cuba&#8221;, as\u00ed lo se\u00f1al\u00f3 previo al inicio del \u201cXVI Encuentro Nacional de Solidaridad con Cuba\u201d. En entrevista record\u00f3 que la Revoluci\u00f3n Cubana se gest\u00f3 en 1956 desde M\u00e9xico, en especial cuando desde [&hellip;]<\/p>\n","protected":false},"author":1,"featured_media":27198,"comment_status":"open","ping_status":"open","sticky":false,"template":"","format":"standard","meta":{"_jetpack_memberships_contains_paid_content":false,"footnotes":""},"categories":[2],"tags":[],"class_list":["post-27197","post","type-post","status-publish","format-standard","has-post-thumbnail","hentry","category-estado"],"jetpack_featured_media_url":"https:\/\/encuentroinformativo.com.mx\/wp-content\/uploads\/2022\/05\/67D897CF-7CEF-4E83-9EBA-7D25C9D4C472.jpeg","jetpack_sharing_enabled":true,"jetpack_likes_enabled":true,"amp_enabled":true,"_links":{"self":[{"href":"https:\/\/encuentroinformativo.com.mx\/index.php?rest_route=\/wp\/v2\/posts\/27197","targetHints":{"allow":["GET"]}}],"collection":[{"href":"https:\/\/encuentroinformativo.com.mx\/index.php?rest_route=\/wp\/v2\/posts"}],"about":[{"href":"https:\/\/encuentroinformativo.com.mx\/index.php?rest_route=\/wp\/v2\/types\/post"}],"author":[{"embeddable":true,"href":"https:\/\/encuentroinformativo.com.mx\/index.php?rest_route=\/wp\/v2\/users\/1"}],"replies":[{"embeddable":true,"href":"https:\/\/encuentroinformativo.com.mx\/index.php?rest_route=%2Fwp%2Fv2%2Fcomments&post=27197"}],"version-history":[{"count":1,"href":"https:\/\/encuentroinformativo.com.mx\/index.php?rest_route=\/wp\/v2\/posts\/27197\/revisions"}],"predecessor-version":[{"id":27199,"href":"https:\/\/encuentroinformativo.com.mx\/index.php?rest_route=\/wp\/v2\/posts\/27197\/revisions\/27199"}],"wp:featuredmedia":[{"embeddable":true,"href":"https:\/\/encuentroinformativo.com.mx\/index.php?rest_route=\/wp\/v2\/media\/27198"}],"wp:attachment":[{"href":"https:\/\/encuentroinformativo.com.mx\/index.php?rest_route=%2Fwp%2Fv2%2Fmedia&parent=27197"}],"wp:term":[{"taxonomy":"category","embeddable":true,"href":"https:\/\/encuentroinformativo.com.mx\/index.php?rest_route=%2Fwp%2Fv2%2Fcategories&post=27197"},{"taxonomy":"post_tag","embeddable":true,"href":"https:\/\/encuentroinformativo.com.mx\/index.php?rest_route=%2Fwp%2Fv2%2Ftags&post=27197"}],"curies":[{"name":"wp","href":"https:\/\/api.w.org\/{rel}","templated":true}]}}