{"id":272,"date":"2020-03-02T15:29:14","date_gmt":"2020-03-02T21:29:14","guid":{"rendered":"https:\/\/encuentroinformativodotcomdotmx.wordpress.com\/?p=272"},"modified":"2020-03-02T15:29:14","modified_gmt":"2020-03-02T21:29:14","slug":"desmiente-organizacion-limitar-participacion-de-jovenes-deportistas-xalapa-veracruz-atletas","status":"publish","type":"post","link":"https:\/\/encuentroinformativo.com.mx\/?p=272","title":{"rendered":"Desmiente organizaci\u00f3n limitar participaci\u00f3n de j\u00f3venes deportistas"},"content":{"rendered":"<p><img loading=\"lazy\" decoding=\"async\" class=\"size-medium wp-image-271 alignright\" src=\"https:\/\/encuentroinformativo.com.mx\/wp-content\/uploads\/2020\/03\/ezy-watermark_02-03-2020_03-23-18p.m..jpg?w=300\" alt=\"\" width=\"300\" height=\"221\" srcset=\"https:\/\/encuentroinformativo.com.mx\/wp-content\/uploads\/2020\/03\/ezy-watermark_02-03-2020_03-23-18p.m..jpg 1111w, https:\/\/encuentroinformativo.com.mx\/wp-content\/uploads\/2020\/03\/ezy-watermark_02-03-2020_03-23-18p.m.-300x221.jpg 300w, https:\/\/encuentroinformativo.com.mx\/wp-content\/uploads\/2020\/03\/ezy-watermark_02-03-2020_03-23-18p.m.-1024x753.jpg 1024w, https:\/\/encuentroinformativo.com.mx\/wp-content\/uploads\/2020\/03\/ezy-watermark_02-03-2020_03-23-18p.m.-768x565.jpg 768w\" sizes=\"auto, (max-width: 300px) 100vw, 300px\" \/><\/p>\n<p><strong>Juan Arcos<\/strong><\/p>\n<p>Xalapa, Ver.- El presidente de la Asociaci\u00f3n Veracruzana de Luchas Asociadas, Gabriel \u00c1ngel \u00c1lvarez Quijano, neg\u00f3 que se haya limitado la participaci\u00f3n de 17 j\u00f3venes en el campeonato regional de la Comisi\u00f3n Nacional de Cultura F\u00edsica y Deporte (CONADE).<\/p>\n<p>En conferencia de prensa, indic\u00f3 que ha habido apertura para los atletas de lucha ol\u00edmpica, integrantes de tres clubes de Xalapa y Coatepec, que ganaron en los campeonatos estatales.<\/p>\n<p>Cabe recordar que los deportistas protestaron la tarde del viernes pasado, para denunciar que podr\u00edan perderse la justa regional, misma que se llevar\u00e1 a cabo en el estado de Campeche, del 19 al 22 de marzo.<\/p>\n<p>\u00c1lvarez Quijano refiri\u00f3 que los atletas que protestaron han sido invitados a formar parte de la Asociaci\u00f3n Veracruzana de Luchas Asociadas; sin embargo, ellos se han negado.<\/p>\n<p>\u201cSe les hizo una invitaci\u00f3n en repetidas ocasiones y a ellos nunca les interes\u00f3 trabajar por Veracruz argumentado que ya estaban bien. A los atletas, siendo veracruzanos se los llevaron a participar al Instituto Polit\u00e9cnico Nacional\u201d.<\/p>\n<p>A\u00f1adi\u00f3 que los hermanos de apellido Aguilar, titulares del Club Azteca, han realizado eventos deportivos sin tomar en cuenta a la asociaci\u00f3n mencionada.<\/p>\n<p>\u201cHacen eventos aqu\u00ed en Veracruz, pero sin tomarnos en cuenta a nosotros, \u00fanicamente ellos y algunos representantes que conformaron la asociaci\u00f3n pasada. Nunca les negu\u00e9 la afiliaci\u00f3n, s\u00f3lo que se las ped\u00eda con documentos\u201d.<\/p>\n<p>Tambi\u00e9n los acus\u00f3 de introducirse al Instituto Veracruzano del Deporte (IVD) de una manera \u201cf\u00e1cil\u201d y sin formar parte de la asociaci\u00f3n.<\/p>\n<p>\u201cA ellos les facilitaron las cosas. A m\u00ed nunca me pidieron las afiliaci\u00f3n y si lo hicieron fue para tapar el ojo al macho\u201d, remat\u00f3 el Presidente de la Asociaci\u00f3n Veracruzana de Luchas Asociadas.<\/p>\n","protected":false},"excerpt":{"rendered":"<p>Juan Arcos Xalapa, Ver.- El presidente de la Asociaci\u00f3n Veracruzana de Luchas Asociadas, Gabriel \u00c1ngel \u00c1lvarez Quijano, neg\u00f3 que se haya limitado la participaci\u00f3n de 17 j\u00f3venes en el campeonato regional de la Comisi\u00f3n Nacional de Cultura F\u00edsica y Deporte (CONADE). En conferencia de prensa, indic\u00f3 que ha habido apertura para los atletas de lucha [&hellip;]<\/p>\n","protected":false},"author":1,"featured_media":271,"comment_status":"open","ping_status":"open","sticky":false,"template":"","format":"standard","meta":{"_jetpack_memberships_contains_paid_content":false,"footnotes":""},"categories":[3],"tags":[],"class_list":["post-272","post","type-post","status-publish","format-standard","has-post-thumbnail","hentry","category-xalapa"],"jetpack_featured_media_url":"https:\/\/encuentroinformativo.com.mx\/wp-content\/uploads\/2020\/03\/ezy-watermark_02-03-2020_03-23-18p.m..jpg","jetpack_sharing_enabled":true,"jetpack_likes_enabled":true,"amp_enabled":true,"_links":{"self":[{"href":"https:\/\/encuentroinformativo.com.mx\/index.php?rest_route=\/wp\/v2\/posts\/272","targetHints":{"allow":["GET"]}}],"collection":[{"href":"https:\/\/encuentroinformativo.com.mx\/index.php?rest_route=\/wp\/v2\/posts"}],"about":[{"href":"https:\/\/encuentroinformativo.com.mx\/index.php?rest_route=\/wp\/v2\/types\/post"}],"author":[{"embeddable":true,"href":"https:\/\/encuentroinformativo.com.mx\/index.php?rest_route=\/wp\/v2\/users\/1"}],"replies":[{"embeddable":true,"href":"https:\/\/encuentroinformativo.com.mx\/index.php?rest_route=%2Fwp%2Fv2%2Fcomments&post=272"}],"version-history":[{"count":0,"href":"https:\/\/encuentroinformativo.com.mx\/index.php?rest_route=\/wp\/v2\/posts\/272\/revisions"}],"wp:featuredmedia":[{"embeddable":true,"href":"https:\/\/encuentroinformativo.com.mx\/index.php?rest_route=\/wp\/v2\/media\/271"}],"wp:attachment":[{"href":"https:\/\/encuentroinformativo.com.mx\/index.php?rest_route=%2Fwp%2Fv2%2Fmedia&parent=272"}],"wp:term":[{"taxonomy":"category","embeddable":true,"href":"https:\/\/encuentroinformativo.com.mx\/index.php?rest_route=%2Fwp%2Fv2%2Fcategories&post=272"},{"taxonomy":"post_tag","embeddable":true,"href":"https:\/\/encuentroinformativo.com.mx\/index.php?rest_route=%2Fwp%2Fv2%2Ftags&post=272"}],"curies":[{"name":"wp","href":"https:\/\/api.w.org\/{rel}","templated":true}]}}