{"id":27206,"date":"2022-05-14T11:54:18","date_gmt":"2022-05-14T16:54:18","guid":{"rendered":"https:\/\/encuentroinformativo.com.mx\/?p=27206"},"modified":"2022-05-15T12:57:25","modified_gmt":"2022-05-15T17:57:25","slug":"muere-mujer-al-ser-atropellada-en-bulevar-de-boca-del-rio","status":"publish","type":"post","link":"https:\/\/encuentroinformativo.com.mx\/?p=27206","title":{"rendered":"Muere mujer al ser atropellada en bulevar de Boca del R\u00edo"},"content":{"rendered":"\n<p><strong>Alejandro \u00c1vila<\/strong><\/p>\n\n\n\n<p>Boca del R\u00edo, Ver.- Una joven de aproximadamente 25 a\u00f1os, falleci\u00f3 la tarde de este s\u00e1bado, tras ser atropellada en el bulevar &#8220;Miguel Alem\u00e1n&#8221; del municipio de Boca del R\u00edo.<\/p>\n\n\n\n<p>Testigos relataron qu\u00e9, un veh\u00edculo blanco marca Lincoln, circulaba a exceso de velocidad sobre el bulevar en el carril sur a norte, cuando perdi\u00f3 el control a la altura del puente Veramar e impacto a una joven de cruzando la calle; posteriormente, el autom\u00f3vil que era manejado por un joven de apenas de 17 a\u00f1os, se estrell\u00f3 contra una luminaria.<\/p>\n\n\n\n<p>Al ver el aparatoso accidente, un autob\u00fas urbano de la ruta Her\u00f3n Proal fren\u00f3 estrepitosamente, y la camioneta que ven\u00eda detr\u00e1s, se impact\u00f3 en la parte posterior del cami\u00f3n.<\/p>\n\n\n\n<p>Momentos despu\u00e9s del accidente, familiares del joven conductor que provoc\u00f3 el incidente, llegaron al sitio para intentar llevarse al infractor; sin embargo, testigos lo retuvieron, y posteriormente fue detenido por la Polic\u00eda Municipal de Boca del R\u00edo.<\/p>\n\n\n\n<p>Al lugar llegaron elementos de la Polic\u00eda Ministerial, qui\u00e9nes trasladaron el cuerpo de la joven al Servicio M\u00e9dico Forense, para realizarle la autopsia de rigor y, posteriormente, hacerle entrega a sus familiares.<\/p>\n\n\n\n<figure class=\"wp-block-image size-large\"><img loading=\"lazy\" decoding=\"async\" width=\"1024\" height=\"768\" src=\"https:\/\/encuentroinformativo.com.mx\/wp-content\/uploads\/2022\/05\/40F0CA43-9E66-4845-9A2C-97AB8443DBCD-1024x768.jpeg\" alt=\"\" class=\"wp-image-27208\" srcset=\"https:\/\/encuentroinformativo.com.mx\/wp-content\/uploads\/2022\/05\/40F0CA43-9E66-4845-9A2C-97AB8443DBCD-1024x768.jpeg 1024w, https:\/\/encuentroinformativo.com.mx\/wp-content\/uploads\/2022\/05\/40F0CA43-9E66-4845-9A2C-97AB8443DBCD-300x225.jpeg 300w, https:\/\/encuentroinformativo.com.mx\/wp-content\/uploads\/2022\/05\/40F0CA43-9E66-4845-9A2C-97AB8443DBCD-768x576.jpeg 768w, https:\/\/encuentroinformativo.com.mx\/wp-content\/uploads\/2022\/05\/40F0CA43-9E66-4845-9A2C-97AB8443DBCD-1536x1152.jpeg 1536w, https:\/\/encuentroinformativo.com.mx\/wp-content\/uploads\/2022\/05\/40F0CA43-9E66-4845-9A2C-97AB8443DBCD.jpeg 1600w\" sizes=\"auto, (max-width: 1024px) 100vw, 1024px\" \/><\/figure>\n","protected":false},"excerpt":{"rendered":"<p>Alejandro \u00c1vila Boca del R\u00edo, Ver.- Una joven de aproximadamente 25 a\u00f1os, falleci\u00f3 la tarde de este s\u00e1bado, tras ser atropellada en el bulevar &#8220;Miguel Alem\u00e1n&#8221; del municipio de Boca del R\u00edo. Testigos relataron qu\u00e9, un veh\u00edculo blanco marca Lincoln, circulaba a exceso de velocidad sobre el bulevar en el carril sur a norte, cuando [&hellip;]<\/p>\n","protected":false},"author":1,"featured_media":27207,"comment_status":"open","ping_status":"open","sticky":false,"template":"","format":"standard","meta":{"_jetpack_memberships_contains_paid_content":false,"footnotes":""},"categories":[14],"tags":[],"class_list":["post-27206","post","type-post","status-publish","format-standard","has-post-thumbnail","hentry","category-policiaca"],"jetpack_featured_media_url":"https:\/\/encuentroinformativo.com.mx\/wp-content\/uploads\/2022\/05\/A617043A-BABE-40A0-AA89-2E99F335A08C.jpeg","jetpack_sharing_enabled":true,"jetpack_likes_enabled":true,"amp_enabled":true,"_links":{"self":[{"href":"https:\/\/encuentroinformativo.com.mx\/index.php?rest_route=\/wp\/v2\/posts\/27206","targetHints":{"allow":["GET"]}}],"collection":[{"href":"https:\/\/encuentroinformativo.com.mx\/index.php?rest_route=\/wp\/v2\/posts"}],"about":[{"href":"https:\/\/encuentroinformativo.com.mx\/index.php?rest_route=\/wp\/v2\/types\/post"}],"author":[{"embeddable":true,"href":"https:\/\/encuentroinformativo.com.mx\/index.php?rest_route=\/wp\/v2\/users\/1"}],"replies":[{"embeddable":true,"href":"https:\/\/encuentroinformativo.com.mx\/index.php?rest_route=%2Fwp%2Fv2%2Fcomments&post=27206"}],"version-history":[{"count":1,"href":"https:\/\/encuentroinformativo.com.mx\/index.php?rest_route=\/wp\/v2\/posts\/27206\/revisions"}],"predecessor-version":[{"id":27209,"href":"https:\/\/encuentroinformativo.com.mx\/index.php?rest_route=\/wp\/v2\/posts\/27206\/revisions\/27209"}],"wp:featuredmedia":[{"embeddable":true,"href":"https:\/\/encuentroinformativo.com.mx\/index.php?rest_route=\/wp\/v2\/media\/27207"}],"wp:attachment":[{"href":"https:\/\/encuentroinformativo.com.mx\/index.php?rest_route=%2Fwp%2Fv2%2Fmedia&parent=27206"}],"wp:term":[{"taxonomy":"category","embeddable":true,"href":"https:\/\/encuentroinformativo.com.mx\/index.php?rest_route=%2Fwp%2Fv2%2Fcategories&post=27206"},{"taxonomy":"post_tag","embeddable":true,"href":"https:\/\/encuentroinformativo.com.mx\/index.php?rest_route=%2Fwp%2Fv2%2Ftags&post=27206"}],"curies":[{"name":"wp","href":"https:\/\/api.w.org\/{rel}","templated":true}]}}