{"id":27213,"date":"2022-05-15T15:55:44","date_gmt":"2022-05-15T20:55:44","guid":{"rendered":"https:\/\/encuentroinformativo.com.mx\/?p=27213"},"modified":"2022-05-15T15:55:48","modified_gmt":"2022-05-15T20:55:48","slug":"academicos-protestan-por-desaparicion-de-investigadora","status":"publish","type":"post","link":"https:\/\/encuentroinformativo.com.mx\/?p=27213","title":{"rendered":"Acad\u00e9micos protestan por desaparici\u00f3n de investigadora"},"content":{"rendered":"\n<p><strong>Juan Arcos <\/strong><\/p>\n\n\n\n<p>Xalapa, Ver.- Acad\u00e9micos del Centro de Investigaciones y Estudios Superiores en Antropolog\u00eda Social (Ciesas-Golfo) protestaron en el parque Benito Ju\u00e1rez, en el centro de esta ciudad, como parte de una jornada de b\u00fasqueda para la localizaci\u00f3n de la investigadora Griselda Mayela \u00c1lvarez Rodr\u00edguez, quien est\u00e1 desaparecida desde el 11 de agosto del 2020 en San Nicol\u00e1s de Los Garza, estado de Nuevo Le\u00f3n.<\/p>\n\n\n\n<p>De acuerdo con el secretario general del Sindicato \u00danico de Trabajadores del Ciesas (SuitCiesas), Julio Garc\u00eda, se busca visibilizar el caso para su pronta aparici\u00f3n.<\/p>\n\n\n\n<p>Y es que han pasado 21 meses de la desaparici\u00f3n y hasta el momento los familiares de la acad\u00e9mica no tienen respuesta por parte de la Fiscal\u00eda General de Nuevo Le\u00f3n.<\/p>\n\n\n\n<p>De manera simult\u00e1nea se realiz\u00f3 una protesta en Nuevo Le\u00f3n para solicitar al gobernador Samuel Garc\u00eda que se agilice la b\u00fasqueda de Mayela \u00c1lvarez.<\/p>\n\n\n\n<p>\u201cElla iba hacia el trabajo y no se present\u00f3 a laborar; su hija recibi\u00f3 un mensaje a las dos de la tarde. Ella desapareci\u00f3 el 11 y hacen el reporte de b\u00fasqueda el 13 de agosto y desde entonces no se sabe nada\u201d, comentaron.<\/p>\n\n\n\n<p>Tambi\u00e9n hubo protestas en otros estados de la Rep\u00fablica, como en Oaxaca, M\u00e9rida, Ciudad de M\u00e9xico y Chiapas.<\/p>\n\n\n\n<p>\u201cEn todo el pa\u00eds es esta manifestaci\u00f3n, lo que vamos a hacer es irla escalonando para que sea cada semana alguna actividad en alg\u00fan lugar del pa\u00eds\u201d, a\u00f1adi\u00f3 Julio Garc\u00eda.<\/p>\n\n\n\n<p>Mayela \u00c1lvarez laboraba como secretaria t\u00e9cnica del posgrado en Ciesas, en la Unidad Noreste en Nuevo Le\u00f3n.<\/p>\n\n\n\n<p>\u201cMayela est\u00e1 desparecida desde 2020, no la encontramos, lo m\u00e1s importante es que seguiremos busc\u00e1ndola hasta encontrarla\u201d, refiri\u00f3.<\/p>\n","protected":false},"excerpt":{"rendered":"<p>Juan Arcos Xalapa, Ver.- Acad\u00e9micos del Centro de Investigaciones y Estudios Superiores en Antropolog\u00eda Social (Ciesas-Golfo) protestaron en el parque Benito Ju\u00e1rez, en el centro de esta ciudad, como parte de una jornada de b\u00fasqueda para la localizaci\u00f3n de la investigadora Griselda Mayela \u00c1lvarez Rodr\u00edguez, quien est\u00e1 desaparecida desde el 11 de agosto del 2020 [&hellip;]<\/p>\n","protected":false},"author":1,"featured_media":27214,"comment_status":"open","ping_status":"open","sticky":false,"template":"","format":"standard","meta":{"_jetpack_memberships_contains_paid_content":false,"footnotes":""},"categories":[3],"tags":[],"class_list":["post-27213","post","type-post","status-publish","format-standard","has-post-thumbnail","hentry","category-xalapa"],"jetpack_featured_media_url":"https:\/\/encuentroinformativo.com.mx\/wp-content\/uploads\/2022\/05\/E50FB74E-9248-4FD1-A13D-F7A7D45ADC28.jpeg","jetpack_sharing_enabled":true,"jetpack_likes_enabled":true,"amp_enabled":true,"_links":{"self":[{"href":"https:\/\/encuentroinformativo.com.mx\/index.php?rest_route=\/wp\/v2\/posts\/27213","targetHints":{"allow":["GET"]}}],"collection":[{"href":"https:\/\/encuentroinformativo.com.mx\/index.php?rest_route=\/wp\/v2\/posts"}],"about":[{"href":"https:\/\/encuentroinformativo.com.mx\/index.php?rest_route=\/wp\/v2\/types\/post"}],"author":[{"embeddable":true,"href":"https:\/\/encuentroinformativo.com.mx\/index.php?rest_route=\/wp\/v2\/users\/1"}],"replies":[{"embeddable":true,"href":"https:\/\/encuentroinformativo.com.mx\/index.php?rest_route=%2Fwp%2Fv2%2Fcomments&post=27213"}],"version-history":[{"count":1,"href":"https:\/\/encuentroinformativo.com.mx\/index.php?rest_route=\/wp\/v2\/posts\/27213\/revisions"}],"predecessor-version":[{"id":27215,"href":"https:\/\/encuentroinformativo.com.mx\/index.php?rest_route=\/wp\/v2\/posts\/27213\/revisions\/27215"}],"wp:featuredmedia":[{"embeddable":true,"href":"https:\/\/encuentroinformativo.com.mx\/index.php?rest_route=\/wp\/v2\/media\/27214"}],"wp:attachment":[{"href":"https:\/\/encuentroinformativo.com.mx\/index.php?rest_route=%2Fwp%2Fv2%2Fmedia&parent=27213"}],"wp:term":[{"taxonomy":"category","embeddable":true,"href":"https:\/\/encuentroinformativo.com.mx\/index.php?rest_route=%2Fwp%2Fv2%2Fcategories&post=27213"},{"taxonomy":"post_tag","embeddable":true,"href":"https:\/\/encuentroinformativo.com.mx\/index.php?rest_route=%2Fwp%2Fv2%2Ftags&post=27213"}],"curies":[{"name":"wp","href":"https:\/\/api.w.org\/{rel}","templated":true}]}}