{"id":27217,"date":"2022-05-16T09:12:37","date_gmt":"2022-05-16T14:12:37","guid":{"rendered":"https:\/\/encuentroinformativo.com.mx\/?p=27217"},"modified":"2022-05-16T09:12:43","modified_gmt":"2022-05-16T14:12:43","slug":"cambranis-caron-ivan-y-mia","status":"publish","type":"post","link":"https:\/\/encuentroinformativo.com.mx\/?p=27217","title":{"rendered":"Cambranis, Car\u00f3n, Iv\u00e1n y M\u00eda"},"content":{"rendered":"\n<p><strong>Los Pol\u00edticos<\/strong><\/p>\n\n\n\n<p><strong>Salvador Mu\u00f1oz<\/strong><\/p>\n\n\n\n<p>En la pasada sesi\u00f3n legislativa, Enrique Cambranis no estuvo presente. Hasta donde se sabe, al parecer tampoco se ha hecho presente el oficio de Federico Salom\u00f3n, dirigente del PAN en Veracruz, dirigido a la Jucopo, para hacer lo l\u00f3gico en estas lides partidistas: solicitar el cambio de coordinador en el grupo legislativo del PAN que hasta donde se sabe, sigue siendo el hackeado Oth\u00f3n Hern\u00e1ndez Candanedo.<\/p>\n\n\n\n<p>(El hackeado, porque hace unas semanas, su Whatsapp fue v\u00edctima de los malosos que anduvieron pidiendo a su nombre, pr\u00e9stamos, pero tal parece que nadie cay\u00f3 en la trampa\u2026 el misanteco al final, recuper\u00f3 su App\u2026)<\/p>\n\n\n\n<p><strong>II<\/strong><\/p>\n\n\n\n<p>\u00bfC\u00f3mo ven a Juan Javier G\u00f3mez Cazar\u00edn apoyando a Am\u00e9rico? Por supuesto, nos referimos al candidato de Morena a gobernador por Tamaulipas, Am\u00e9rico Villarreal\u2026 bueno, como cualquier moreno, el apoyo es entendible, pero El Car\u00f3n se va al extremo \u00a1y a Tamaulipas! El ariete de la Jucopo tiene rato que anda haciendo turismo electoral para promover al Am\u00e9rico moreno.<\/p>\n\n\n\n<p>En Tamaulipas la pugna est\u00e1 entre Am\u00e9rico y El Truko C\u00e9sar Ver\u00e1stegui. La presencia de Juan Javier G\u00f3mez Cazar\u00edn en esta elecci\u00f3n en el estado fronterizo significa que preocupa a Morena la pugna, al grado de extenderle la plurinominal al Car\u00f3n, allende la frontera\u2026<\/p>\n\n\n\n<p><strong>III<\/strong><\/p>\n\n\n\n<p>Pues as\u00ed lo ven con cara de buena onda, bien sonriente, a todo dar, pero en cuanto lleg\u00f3, no se tent\u00f3 el coraz\u00f3n para poner de puntitas en la calle a casi 50 personas que estaban entre lo que era el primer equipo de la entonces titular de Turismo, X\u00f3chitl Arbes\u00fa Lago, aunque dicen que s\u00f3lo perdon\u00f3 a uno de los asesores m\u00e1s cercanos de la ex\u2026<\/p>\n\n\n\n<p>Dicen que Iv\u00e1n Mart\u00ednez Olvera se estuvo guardando por m\u00e1s de tres a\u00f1os esa madriza que le dieron en la Ciudad de M\u00e9xico a la que siempre se la adjudic\u00f3 a X\u00f3chitl, historia que muchos que ahora ya no est\u00e1n y otros que a\u00fan est\u00e1n, se la saben y resumo en breves l\u00edneas:<\/p>\n\n\n\n<p>Cuentan que a inicios del Gobierno de Cuic, X\u00f3chitl mand\u00f3 de fast track a Iv\u00e1n a la Ciudad de M\u00e9xico y ten\u00eda que llegar a un hotel determinado por ella. Cuando arrib\u00f3, en la entrada del Hotel fue recibido y no precisamente por el botones, sino por unas personas que lo golpearon sin decir \u201cagua va\u201d&#8230;<\/p>\n\n\n\n<p>Lo que nunca supieron explicar fueron los motivos que pudiera haber tenido la hoy ex secretaria para eso\u2026 eso s\u00ed, el cuento se cont\u00f3 durante tres a\u00f1os en corrillos y se sigue esparciendo por quienes est\u00e1n adentro y por los ahora est\u00e1n afuera\u2026<\/p>\n\n\n\n<p><strong>IV<\/strong><\/p>\n\n\n\n<p>Creo que se llama M\u00eda, no s\u00e9 si por la onomatopeya \u201cMiau\u201d o porque a alguien se le ocurri\u00f3 que ese nombre bien podr\u00eda quedarle a la minina que se volvi\u00f3 parte del paisaje del Centro Asistencial Casa de D\u00eda Leona Vicario, ubicado en la unidad habitacional Jardines de Xalapa, algo parecido con lo que ocurre en Sefiplan, donde &#8220;Palomo&#8221;, &#8220;Lobo&#8221;, &#8220;Manchas&#8221; y &#8220;Calder\u00f3n&#8221; fueron adoptados no s\u00f3lo por los empleados de esta dependencia, sino tambi\u00e9n por su titular, Jos\u00e9 Luis Lima Franco, quien se puso guapo con los uniformes para estos cuatro perritos para protegerlos durante bajas temperaturas.<\/p>\n\n\n\n<p>Las personas que llegan a la Casa Leona Vicario tienen oportunidad de ser recibidos en algunas ocasiones por esta gatita que sabe que un buen ronroneo puede ser recompensado con algunas croquetas. A ello se suma a los vecinos de la unidad que igual no pierden la oportunidad de saludar a M\u00eda, quien se deja apapachar. \u00a1Vamos! Hasta Lucky, uno de mis can-hijos, no pierde la oportunidad de saludar a M\u00eda en cada paseo que damos. Esta \u201cmascota p\u00fablica\u201d, por as\u00ed decirlo, s\u00f3lo refleja la armon\u00eda que el Ayuntamiento de Xalapa tiene con la fauna incluida la dom\u00e9stica y sin duda, es parte de esa forma de ser del alcalde Ricardo Ahued, quien contagia a sus regidores, como Daniel Fern\u00e1ndez Carri\u00f3n o al director del DIF municipal, Alejandro del \u00c1ngel Aguilar con esa empat\u00eda con los animalitos del Se\u00f1or\u2026 \u00a1D\u00e9se una vuelta por la Casa Leona Vicario y salude a M\u00eda!<\/p>\n\n\n\n<p><a href=\"mailto:smcainito@gmail.com\" target=\"_blank\" rel=\"noreferrer noopener\">smcainito@gmail.com<\/a><\/p>\n","protected":false},"excerpt":{"rendered":"<p>Los Pol\u00edticos Salvador Mu\u00f1oz En la pasada sesi\u00f3n legislativa, Enrique Cambranis no estuvo presente. Hasta donde se sabe, al parecer tampoco se ha hecho presente el oficio de Federico Salom\u00f3n, dirigente del PAN en Veracruz, dirigido a la Jucopo, para hacer lo l\u00f3gico en estas lides partidistas: solicitar el cambio de coordinador en el grupo [&hellip;]<\/p>\n","protected":false},"author":1,"featured_media":387,"comment_status":"open","ping_status":"open","sticky":false,"template":"","format":"standard","meta":{"_jetpack_memberships_contains_paid_content":false,"footnotes":""},"categories":[11],"tags":[],"class_list":["post-27217","post","type-post","status-publish","format-standard","has-post-thumbnail","hentry","category-opinion"],"jetpack_featured_media_url":"https:\/\/encuentroinformativo.com.mx\/wp-content\/uploads\/2020\/03\/7CF8A22B-2764-47BE-8F7F-38FE9E5D6A2F.jpeg","jetpack_sharing_enabled":true,"jetpack_likes_enabled":true,"amp_enabled":true,"_links":{"self":[{"href":"https:\/\/encuentroinformativo.com.mx\/index.php?rest_route=\/wp\/v2\/posts\/27217","targetHints":{"allow":["GET"]}}],"collection":[{"href":"https:\/\/encuentroinformativo.com.mx\/index.php?rest_route=\/wp\/v2\/posts"}],"about":[{"href":"https:\/\/encuentroinformativo.com.mx\/index.php?rest_route=\/wp\/v2\/types\/post"}],"author":[{"embeddable":true,"href":"https:\/\/encuentroinformativo.com.mx\/index.php?rest_route=\/wp\/v2\/users\/1"}],"replies":[{"embeddable":true,"href":"https:\/\/encuentroinformativo.com.mx\/index.php?rest_route=%2Fwp%2Fv2%2Fcomments&post=27217"}],"version-history":[{"count":1,"href":"https:\/\/encuentroinformativo.com.mx\/index.php?rest_route=\/wp\/v2\/posts\/27217\/revisions"}],"predecessor-version":[{"id":27218,"href":"https:\/\/encuentroinformativo.com.mx\/index.php?rest_route=\/wp\/v2\/posts\/27217\/revisions\/27218"}],"wp:featuredmedia":[{"embeddable":true,"href":"https:\/\/encuentroinformativo.com.mx\/index.php?rest_route=\/wp\/v2\/media\/387"}],"wp:attachment":[{"href":"https:\/\/encuentroinformativo.com.mx\/index.php?rest_route=%2Fwp%2Fv2%2Fmedia&parent=27217"}],"wp:term":[{"taxonomy":"category","embeddable":true,"href":"https:\/\/encuentroinformativo.com.mx\/index.php?rest_route=%2Fwp%2Fv2%2Fcategories&post=27217"},{"taxonomy":"post_tag","embeddable":true,"href":"https:\/\/encuentroinformativo.com.mx\/index.php?rest_route=%2Fwp%2Fv2%2Ftags&post=27217"}],"curies":[{"name":"wp","href":"https:\/\/api.w.org\/{rel}","templated":true}]}}