{"id":27219,"date":"2022-05-16T10:47:39","date_gmt":"2022-05-16T15:47:39","guid":{"rendered":"https:\/\/encuentroinformativo.com.mx\/?p=27219"},"modified":"2022-05-16T10:47:42","modified_gmt":"2022-05-16T15:47:42","slug":"refuerza-prd-trabajo-territorial-en-veracruz","status":"publish","type":"post","link":"https:\/\/encuentroinformativo.com.mx\/?p=27219","title":{"rendered":"Refuerza PRD trabajo territorial en Veracruz"},"content":{"rendered":"\n<p>Mecayapan, Ver.- Sergio Cadena Mart\u00ednez, presidente de la Direcci\u00f3n Ejecutiva Estatal del PRD en Veracruz, tom\u00f3 protesta a los delegados distritales de Minatitl\u00e1n, Coatzacoalcos 1 y 2, y Cosoleacaque, durante su gira laboral en el sur de la entidad, este fin de semana.<\/p>\n\n\n\n<p>Entre regocijo y cientos de perredistas, Cadena Mart\u00ednez realiz\u00f3 una gira por el sur del Estado, donde refrend\u00f3 su compromiso no solo con la militancia perredista, sino tambi\u00e9n con el pueblo veracruzano a quien dijo se debe rescatar del gobierno depredador encabezado por Morena.<\/p>\n\n\n\n<p>Explic\u00f3 que uno de los primeros pasos en la ruta del 2024 y luego del 2025, se est\u00e1n nombrando en cada cabecera distrital local a un representante de la Direcci\u00f3n Estatal para que hablen con los liderazgos y se pueda empezar a realizar un trabajo territorial. Jonathan Hern\u00e1ndez Cervantes rindi\u00f3 protesta en Minatitl\u00e1n; Roberto Garc\u00eda Alonso en Coatzacoalcos 1 y 2; y Abelardo Alto Ventura, como delegado distrital de Cosoleacaque.<\/p>\n\n\n\n<p>Sergio Cadena se dijo orgulloso de ver la actual participaci\u00f3n de j\u00f3venes en el Sol Azteca y los exhort\u00f3 a seguir trabajando para recuperar al pa\u00eds de las manos de los corruptos y destructores que gobiernan bajo el falso lema de la &#8220;transformaci\u00f3n&#8221;.<\/p>\n\n\n\n<p>&#8220;\u00a1El PRD no se doblega, al PRD no le tiembla la voz, el PRD va a salir a las calles, en el PRD caminaremos con paso firme, M\u00e9xico requiere y necesita de un cambio y una verdadera transformaci\u00f3n, M\u00e9xico y Veracruz nos necesita a todas y a todos!&#8221;.<\/p>\n","protected":false},"excerpt":{"rendered":"<p>Mecayapan, Ver.- Sergio Cadena Mart\u00ednez, presidente de la Direcci\u00f3n Ejecutiva Estatal del PRD en Veracruz, tom\u00f3 protesta a los delegados distritales de Minatitl\u00e1n, Coatzacoalcos 1 y 2, y Cosoleacaque, durante su gira laboral en el sur de la entidad, este fin de semana. Entre regocijo y cientos de perredistas, Cadena Mart\u00ednez realiz\u00f3 una gira por [&hellip;]<\/p>\n","protected":false},"author":1,"featured_media":27220,"comment_status":"open","ping_status":"open","sticky":false,"template":"","format":"standard","meta":{"_jetpack_memberships_contains_paid_content":false,"footnotes":""},"categories":[2],"tags":[],"class_list":["post-27219","post","type-post","status-publish","format-standard","has-post-thumbnail","hentry","category-estado"],"jetpack_featured_media_url":"https:\/\/encuentroinformativo.com.mx\/wp-content\/uploads\/2022\/05\/B9C5F063-0DA9-4748-8D75-65497BD1622C.jpeg","jetpack_sharing_enabled":true,"jetpack_likes_enabled":true,"amp_enabled":true,"_links":{"self":[{"href":"https:\/\/encuentroinformativo.com.mx\/index.php?rest_route=\/wp\/v2\/posts\/27219","targetHints":{"allow":["GET"]}}],"collection":[{"href":"https:\/\/encuentroinformativo.com.mx\/index.php?rest_route=\/wp\/v2\/posts"}],"about":[{"href":"https:\/\/encuentroinformativo.com.mx\/index.php?rest_route=\/wp\/v2\/types\/post"}],"author":[{"embeddable":true,"href":"https:\/\/encuentroinformativo.com.mx\/index.php?rest_route=\/wp\/v2\/users\/1"}],"replies":[{"embeddable":true,"href":"https:\/\/encuentroinformativo.com.mx\/index.php?rest_route=%2Fwp%2Fv2%2Fcomments&post=27219"}],"version-history":[{"count":1,"href":"https:\/\/encuentroinformativo.com.mx\/index.php?rest_route=\/wp\/v2\/posts\/27219\/revisions"}],"predecessor-version":[{"id":27221,"href":"https:\/\/encuentroinformativo.com.mx\/index.php?rest_route=\/wp\/v2\/posts\/27219\/revisions\/27221"}],"wp:featuredmedia":[{"embeddable":true,"href":"https:\/\/encuentroinformativo.com.mx\/index.php?rest_route=\/wp\/v2\/media\/27220"}],"wp:attachment":[{"href":"https:\/\/encuentroinformativo.com.mx\/index.php?rest_route=%2Fwp%2Fv2%2Fmedia&parent=27219"}],"wp:term":[{"taxonomy":"category","embeddable":true,"href":"https:\/\/encuentroinformativo.com.mx\/index.php?rest_route=%2Fwp%2Fv2%2Fcategories&post=27219"},{"taxonomy":"post_tag","embeddable":true,"href":"https:\/\/encuentroinformativo.com.mx\/index.php?rest_route=%2Fwp%2Fv2%2Ftags&post=27219"}],"curies":[{"name":"wp","href":"https:\/\/api.w.org\/{rel}","templated":true}]}}