{"id":27222,"date":"2022-05-16T11:11:02","date_gmt":"2022-05-16T16:11:02","guid":{"rendered":"https:\/\/encuentroinformativo.com.mx\/?p=27222"},"modified":"2022-05-16T11:11:06","modified_gmt":"2022-05-16T16:11:06","slug":"por-casos-de-acoso-estudiantes-toman-facultad-de-psicologia","status":"publish","type":"post","link":"https:\/\/encuentroinformativo.com.mx\/?p=27222","title":{"rendered":"Por casos de acoso, estudiantes toman Facultad de Psicolog\u00eda"},"content":{"rendered":"\n<p><strong>Juan Arcos<\/strong><\/p>\n\n\n\n<p>Xalapa, Ver.- Estudiantes feministas tomaron la Facultad de Psicolog\u00eda de la Universidad Veracruzana (UV) para denunciar la normalizaci\u00f3n de violencia contra las mujeres, acoso y hostigamiento sexual que viven en ella.<\/p>\n\n\n\n<p>Las mujeres pegaron un comunicado sobre la fachada de la instituci\u00f3n, donde recriminan al rector Mart\u00edn Aguilar S\u00e1nchez que se niegan a aceptar dicha problem\u00e1tica como parte de la cotidianidad.<\/p>\n\n\n\n<p>Las manifestantes colocaron un tendedero con los nombres de los presuntos acosadores al interior del edificio, ubicado sobre la avenida Enrique C. Rebsamen, en la unidad habitacional Nuevo Xalapa.<\/p>\n\n\n\n<p>Sobre la fachada tambi\u00e9n pegaron pancartas con diversos mensajes, como \u201cFacultad de Psicolog\u00eda, cuna de abusadores\u201d y \u201cque el macho no te haga peque\u00f1a la facultad\u201d.<\/p>\n\n\n\n<p>De manera an\u00f3nima, mencionaron que de 2019 a la fecha se han registrado m\u00e1s de ocho casos de acoso de los docentes hacia las alumnas y 15 casos de acoso por parte de estudiantes y personal administrativo.<\/p>\n\n\n\n<p>Han sido presentadas las denuncias formales, tanto en la UV como en la Fiscal\u00eda General del Estado (FGE) pero ninguna ha procedido.\u00a0<br>\u201cMuy pocos han sido denunciados de manera formal porque las v\u00edctimas tienen miedo a las represalias institucionales y legales\u201d, comentaron.<\/p>\n\n\n\n<p>Las feministas anunciaron que el pr\u00f3ximo viernes 20 de mayo realizar\u00e1n una marcha de la Facultad de Psicolog\u00eda a la Rector\u00eda por el encubrimiento a acosadores al interior de la m\u00e1xima casa de estudios.<\/p>\n\n\n\n<figure class=\"wp-block-image size-large\"><img loading=\"lazy\" decoding=\"async\" width=\"1024\" height=\"768\" src=\"https:\/\/encuentroinformativo.com.mx\/wp-content\/uploads\/2022\/05\/86D93B5E-1397-450C-8ADA-DB0F2E139E56-1024x768.jpeg\" alt=\"\" class=\"wp-image-27224\" srcset=\"https:\/\/encuentroinformativo.com.mx\/wp-content\/uploads\/2022\/05\/86D93B5E-1397-450C-8ADA-DB0F2E139E56-1024x768.jpeg 1024w, https:\/\/encuentroinformativo.com.mx\/wp-content\/uploads\/2022\/05\/86D93B5E-1397-450C-8ADA-DB0F2E139E56-300x225.jpeg 300w, https:\/\/encuentroinformativo.com.mx\/wp-content\/uploads\/2022\/05\/86D93B5E-1397-450C-8ADA-DB0F2E139E56-768x576.jpeg 768w, https:\/\/encuentroinformativo.com.mx\/wp-content\/uploads\/2022\/05\/86D93B5E-1397-450C-8ADA-DB0F2E139E56-1536x1152.jpeg 1536w, https:\/\/encuentroinformativo.com.mx\/wp-content\/uploads\/2022\/05\/86D93B5E-1397-450C-8ADA-DB0F2E139E56.jpeg 2016w\" sizes=\"auto, (max-width: 1024px) 100vw, 1024px\" \/><\/figure>\n","protected":false},"excerpt":{"rendered":"<p>Juan Arcos Xalapa, Ver.- Estudiantes feministas tomaron la Facultad de Psicolog\u00eda de la Universidad Veracruzana (UV) para denunciar la normalizaci\u00f3n de violencia contra las mujeres, acoso y hostigamiento sexual que viven en ella. Las mujeres pegaron un comunicado sobre la fachada de la instituci\u00f3n, donde recriminan al rector Mart\u00edn Aguilar S\u00e1nchez que se niegan a [&hellip;]<\/p>\n","protected":false},"author":1,"featured_media":27223,"comment_status":"open","ping_status":"open","sticky":false,"template":"","format":"standard","meta":{"_jetpack_memberships_contains_paid_content":false,"footnotes":""},"categories":[3],"tags":[],"class_list":["post-27222","post","type-post","status-publish","format-standard","has-post-thumbnail","hentry","category-xalapa"],"jetpack_featured_media_url":"https:\/\/encuentroinformativo.com.mx\/wp-content\/uploads\/2022\/05\/5827D4A1-6164-458C-B84F-0216B3496508.jpeg","jetpack_sharing_enabled":true,"jetpack_likes_enabled":true,"amp_enabled":true,"_links":{"self":[{"href":"https:\/\/encuentroinformativo.com.mx\/index.php?rest_route=\/wp\/v2\/posts\/27222","targetHints":{"allow":["GET"]}}],"collection":[{"href":"https:\/\/encuentroinformativo.com.mx\/index.php?rest_route=\/wp\/v2\/posts"}],"about":[{"href":"https:\/\/encuentroinformativo.com.mx\/index.php?rest_route=\/wp\/v2\/types\/post"}],"author":[{"embeddable":true,"href":"https:\/\/encuentroinformativo.com.mx\/index.php?rest_route=\/wp\/v2\/users\/1"}],"replies":[{"embeddable":true,"href":"https:\/\/encuentroinformativo.com.mx\/index.php?rest_route=%2Fwp%2Fv2%2Fcomments&post=27222"}],"version-history":[{"count":1,"href":"https:\/\/encuentroinformativo.com.mx\/index.php?rest_route=\/wp\/v2\/posts\/27222\/revisions"}],"predecessor-version":[{"id":27225,"href":"https:\/\/encuentroinformativo.com.mx\/index.php?rest_route=\/wp\/v2\/posts\/27222\/revisions\/27225"}],"wp:featuredmedia":[{"embeddable":true,"href":"https:\/\/encuentroinformativo.com.mx\/index.php?rest_route=\/wp\/v2\/media\/27223"}],"wp:attachment":[{"href":"https:\/\/encuentroinformativo.com.mx\/index.php?rest_route=%2Fwp%2Fv2%2Fmedia&parent=27222"}],"wp:term":[{"taxonomy":"category","embeddable":true,"href":"https:\/\/encuentroinformativo.com.mx\/index.php?rest_route=%2Fwp%2Fv2%2Fcategories&post=27222"},{"taxonomy":"post_tag","embeddable":true,"href":"https:\/\/encuentroinformativo.com.mx\/index.php?rest_route=%2Fwp%2Fv2%2Ftags&post=27222"}],"curies":[{"name":"wp","href":"https:\/\/api.w.org\/{rel}","templated":true}]}}