{"id":27232,"date":"2022-05-16T11:31:58","date_gmt":"2022-05-16T16:31:58","guid":{"rendered":"https:\/\/encuentroinformativo.com.mx\/?p=27232"},"modified":"2022-05-16T13:34:24","modified_gmt":"2022-05-16T18:34:24","slug":"protestan-grupos-provida-en-poder-judicial","status":"publish","type":"post","link":"https:\/\/encuentroinformativo.com.mx\/?p=27232","title":{"rendered":"Protestan grupos Provida en Poder Judicial"},"content":{"rendered":"\n<p><strong>Juan Arcos <\/strong><\/p>\n\n\n\n<p>Xalapa, Ver.- Grupos Provida protestaron afuera del Poder Judicial de la Federaci\u00f3n para exigir al juez Jes\u00fas Arturo Cu\u00e9llar D\u00edaz, del Juzgado Decimos\u00e9ptimo de Circuito en Materia Mixta, que conceda el amparo presentado en contra de la interrupci\u00f3n legal del embarazo.<\/p>\n\n\n\n<p>Los quejosos se plantaron afuera de dicho edificio, ubicado sobre la avenida Manuel \u00c1vila Camacho, en esta ciudad de Xalapa, donde pidieron a la autoridad judicial que sea respetado el Art\u00edculo 4\u00ba de la Constituci\u00f3n del Estado de Veracruz, que protege la vida desde la concepci\u00f3n, ya que las reformas al C\u00f3digo Penal del Estado, aprobadas el pasado 20 de julio de 2021 por la legislatura local, violentan y se contraponen a dicho Art\u00edculo.<\/p>\n\n\n\n<p>De acuerdo con Fernando P\u00e9rez Vignola, integrante del Frente Nacional por la Familia (FNF), el Poder Judicial de la Federaci\u00f3n admiti\u00f3 la procedencia del amparo y est\u00e1 analizando los alegatos que han sido presentados por ambas partes.<\/p>\n\n\n\n<p>\u201cLa modificaci\u00f3n es inconstitucional, es indebida, porque extralimit\u00e1ndose en sus funciones pasaron por encima de lo que se\u00f1ala el art\u00edculo cuarto que protege la vida en su segundo p\u00e1rrafo desde el nacimiento hasta la muerte\u201d, expres\u00f3.<\/p>\n\n\n\n<p>Mencionaron que el Decreto que reforma los Art\u00edculos 149, 150, 151, 153 y 154, y deroga el Art\u00edculo 152, del C\u00f3digo Penal del Estado, promovido por la diputada M\u00f3nica Robles, de Morena, en su exposici\u00f3n de motivos justifica \u201cel crimen del aborto\u201d como un \u201cderecho a la salud reproductiva\u201d y un m\u00e9todo de reducci\u00f3n de la tasa de fecundidad, en el libre ejercicio de los derechos sexuales y reproductivos.<\/p>\n\n\n\n<p>\u201cAhorita est\u00e1n examinando la respuesta que dio la legislatura de Veracruz con un informe justificado y est\u00e1n analizando los alegatos que tambi\u00e9n presentamos nosotros apegados a derecho para que se nos conceda el amparo\u201d, expres\u00f3 P\u00e9rez Vignola.<\/p>\n\n\n\n<p>\u201cSe\u00f1or Juez, usted sabe que no puede existir un derecho superior al derecho a la vida, ya que sin vida no es posible ejercer o disfrutar de ning\u00fan otro derecho\u201d, es parte de la postura del FNF.<\/p>\n","protected":false},"excerpt":{"rendered":"<p>Juan Arcos Xalapa, Ver.- Grupos Provida protestaron afuera del Poder Judicial de la Federaci\u00f3n para exigir al juez Jes\u00fas Arturo Cu\u00e9llar D\u00edaz, del Juzgado Decimos\u00e9ptimo de Circuito en Materia Mixta, que conceda el amparo presentado en contra de la interrupci\u00f3n legal del embarazo. Los quejosos se plantaron afuera de dicho edificio, ubicado sobre la avenida [&hellip;]<\/p>\n","protected":false},"author":1,"featured_media":27233,"comment_status":"open","ping_status":"open","sticky":false,"template":"","format":"standard","meta":{"_jetpack_memberships_contains_paid_content":false,"footnotes":""},"categories":[3],"tags":[],"class_list":["post-27232","post","type-post","status-publish","format-standard","has-post-thumbnail","hentry","category-xalapa"],"jetpack_featured_media_url":"https:\/\/encuentroinformativo.com.mx\/wp-content\/uploads\/2022\/05\/649ACF8C-D014-4F4A-ABE0-022889377C51.jpeg","jetpack_sharing_enabled":true,"jetpack_likes_enabled":true,"amp_enabled":true,"_links":{"self":[{"href":"https:\/\/encuentroinformativo.com.mx\/index.php?rest_route=\/wp\/v2\/posts\/27232","targetHints":{"allow":["GET"]}}],"collection":[{"href":"https:\/\/encuentroinformativo.com.mx\/index.php?rest_route=\/wp\/v2\/posts"}],"about":[{"href":"https:\/\/encuentroinformativo.com.mx\/index.php?rest_route=\/wp\/v2\/types\/post"}],"author":[{"embeddable":true,"href":"https:\/\/encuentroinformativo.com.mx\/index.php?rest_route=\/wp\/v2\/users\/1"}],"replies":[{"embeddable":true,"href":"https:\/\/encuentroinformativo.com.mx\/index.php?rest_route=%2Fwp%2Fv2%2Fcomments&post=27232"}],"version-history":[{"count":1,"href":"https:\/\/encuentroinformativo.com.mx\/index.php?rest_route=\/wp\/v2\/posts\/27232\/revisions"}],"predecessor-version":[{"id":27234,"href":"https:\/\/encuentroinformativo.com.mx\/index.php?rest_route=\/wp\/v2\/posts\/27232\/revisions\/27234"}],"wp:featuredmedia":[{"embeddable":true,"href":"https:\/\/encuentroinformativo.com.mx\/index.php?rest_route=\/wp\/v2\/media\/27233"}],"wp:attachment":[{"href":"https:\/\/encuentroinformativo.com.mx\/index.php?rest_route=%2Fwp%2Fv2%2Fmedia&parent=27232"}],"wp:term":[{"taxonomy":"category","embeddable":true,"href":"https:\/\/encuentroinformativo.com.mx\/index.php?rest_route=%2Fwp%2Fv2%2Fcategories&post=27232"},{"taxonomy":"post_tag","embeddable":true,"href":"https:\/\/encuentroinformativo.com.mx\/index.php?rest_route=%2Fwp%2Fv2%2Ftags&post=27232"}],"curies":[{"name":"wp","href":"https:\/\/api.w.org\/{rel}","templated":true}]}}