{"id":27235,"date":"2022-05-16T13:39:11","date_gmt":"2022-05-16T18:39:11","guid":{"rendered":"https:\/\/encuentroinformativo.com.mx\/?p=27235"},"modified":"2022-05-16T13:39:15","modified_gmt":"2022-05-16T18:39:15","slug":"acuario-debe-rendir-cuentas-insiste-cuitlahuac","status":"publish","type":"post","link":"https:\/\/encuentroinformativo.com.mx\/?p=27235","title":{"rendered":"Acuario debe rendir cuentas, insiste Cuitl\u00e1huac"},"content":{"rendered":"\n<p><strong>Dar\u00edo Pale <\/strong><\/p>\n\n\n\n<p>Veracruz, Ver.- Esta es la &#8220;\u00faltima llamada&#8221;, advierte Gobernador Cuitl\u00e1huac Garc\u00eda Jim\u00e9nez a la administraci\u00f3n del Acuario de Veracruz, para que digan a la opini\u00f3n p\u00fablica por qu\u00e9 se les muri\u00f3 un manat\u00ed, por qu\u00e9 lo ocultaron y se deshicieron del cad\u00e1ver de manera ilegal.<\/p>\n\n\n\n<p>En entrevista se\u00f1al\u00f3 que, &#8220;est\u00e1 es la \u00faltima llamada esperemos tener respuestas, algo tambi\u00e9n que digo: definitivamente tenemos que tomar cartas en el asunto y tomar medidas&#8221;.<\/p>\n\n\n\n<p>&#8220;La apertura la tenemos que hacer tambi\u00e9n, anunciamos que vamos a hacer una reapertura en lo inmediato, vamos a buscar el mecanismo y pues espero que atiendan el llamado que hace la opini\u00f3n p\u00fablica que que digan qu\u00e9 sucedi\u00f3 ah\u00ed&#8221;, se\u00f1al\u00f3.<\/p>\n\n\n\n<p>Insisti\u00f3 que en manos de quienes administran el acuario de Veracruz, falleci\u00f3 un manat\u00ed y por ello mostr\u00f3 evidencias.<\/p>\n\n\n\n<p>&#8220;Este es el cad\u00e1ver del manat\u00ed que adem\u00e1s de ocultarlo intentaron deshacerse de \u00e9l de manera ilegal. Est\u00e1 incinerado. Queremos que informen de manera particular qu\u00e9 sucedi\u00f3 con el manat\u00ed, por qu\u00e9 lo ocultaron, por qu\u00e9 intentaron deshacerse de \u00e9l de manera ilegal&#8221;, acus\u00f3.<\/p>\n\n\n\n<p>El Ejecutivo enfatiz\u00f3 que dicha investigaci\u00f3n tiene m\u00e1s de un mes de estarse realizando y expres\u00f3 que lo que esperaban es que se diera a conocer el comunicado respectivo.<\/p>\n\n\n\n<p>&#8220;Durante todo este tiempo lo han ocultado y ahora que se interviene se les vuelve a insistir que presenten la informaci\u00f3n, sin embargo, vuelven a reiterar&#8230;&#8221;, coment\u00f3.<\/p>\n\n\n\n<p>Por \u00faltimo respecto de la manifestaci\u00f3n de este domingo en el puerto de Veracruz por parte de ambientalistas y de ciudadanos, as\u00ed como trabajadores del Acuario; opin\u00f3 que no le est\u00e1n informando a la sociedad qu\u00e9 es lo que est\u00e1 pasando.<\/p>\n","protected":false},"excerpt":{"rendered":"<p>Dar\u00edo Pale Veracruz, Ver.- Esta es la &#8220;\u00faltima llamada&#8221;, advierte Gobernador Cuitl\u00e1huac Garc\u00eda Jim\u00e9nez a la administraci\u00f3n del Acuario de Veracruz, para que digan a la opini\u00f3n p\u00fablica por qu\u00e9 se les muri\u00f3 un manat\u00ed, por qu\u00e9 lo ocultaron y se deshicieron del cad\u00e1ver de manera ilegal. En entrevista se\u00f1al\u00f3 que, &#8220;est\u00e1 es la \u00faltima [&hellip;]<\/p>\n","protected":false},"author":1,"featured_media":27236,"comment_status":"open","ping_status":"open","sticky":false,"template":"","format":"standard","meta":{"_jetpack_memberships_contains_paid_content":false,"footnotes":""},"categories":[2],"tags":[],"class_list":["post-27235","post","type-post","status-publish","format-standard","has-post-thumbnail","hentry","category-estado"],"jetpack_featured_media_url":"https:\/\/encuentroinformativo.com.mx\/wp-content\/uploads\/2022\/05\/487712BF-D88C-4909-A9D4-6FF8DFFD8634.jpeg","jetpack_sharing_enabled":true,"jetpack_likes_enabled":true,"amp_enabled":true,"_links":{"self":[{"href":"https:\/\/encuentroinformativo.com.mx\/index.php?rest_route=\/wp\/v2\/posts\/27235","targetHints":{"allow":["GET"]}}],"collection":[{"href":"https:\/\/encuentroinformativo.com.mx\/index.php?rest_route=\/wp\/v2\/posts"}],"about":[{"href":"https:\/\/encuentroinformativo.com.mx\/index.php?rest_route=\/wp\/v2\/types\/post"}],"author":[{"embeddable":true,"href":"https:\/\/encuentroinformativo.com.mx\/index.php?rest_route=\/wp\/v2\/users\/1"}],"replies":[{"embeddable":true,"href":"https:\/\/encuentroinformativo.com.mx\/index.php?rest_route=%2Fwp%2Fv2%2Fcomments&post=27235"}],"version-history":[{"count":1,"href":"https:\/\/encuentroinformativo.com.mx\/index.php?rest_route=\/wp\/v2\/posts\/27235\/revisions"}],"predecessor-version":[{"id":27237,"href":"https:\/\/encuentroinformativo.com.mx\/index.php?rest_route=\/wp\/v2\/posts\/27235\/revisions\/27237"}],"wp:featuredmedia":[{"embeddable":true,"href":"https:\/\/encuentroinformativo.com.mx\/index.php?rest_route=\/wp\/v2\/media\/27236"}],"wp:attachment":[{"href":"https:\/\/encuentroinformativo.com.mx\/index.php?rest_route=%2Fwp%2Fv2%2Fmedia&parent=27235"}],"wp:term":[{"taxonomy":"category","embeddable":true,"href":"https:\/\/encuentroinformativo.com.mx\/index.php?rest_route=%2Fwp%2Fv2%2Fcategories&post=27235"},{"taxonomy":"post_tag","embeddable":true,"href":"https:\/\/encuentroinformativo.com.mx\/index.php?rest_route=%2Fwp%2Fv2%2Ftags&post=27235"}],"curies":[{"name":"wp","href":"https:\/\/api.w.org\/{rel}","templated":true}]}}