{"id":27248,"date":"2022-05-16T16:04:14","date_gmt":"2022-05-16T21:04:14","guid":{"rendered":"https:\/\/encuentroinformativo.com.mx\/?p=27248"},"modified":"2022-05-16T16:04:18","modified_gmt":"2022-05-16T21:04:18","slug":"desaparecen-madre-y-menor-familiares-reclaman-agilizar-busqueda","status":"publish","type":"post","link":"https:\/\/encuentroinformativo.com.mx\/?p=27248","title":{"rendered":"Desaparecen madre y menor; familiares reclaman agilizar b\u00fasqueda"},"content":{"rendered":"\n<p><strong>Juan Arcos <\/strong><\/p>\n\n\n\n<p>Xalapa, Ver.- El pasado lunes 9 de mayo desaparecieron Dulce Cecilia Garc\u00eda Mart\u00ednez y su hijo Jonathan Ezequiel Loeza Garc\u00eda en el municipio de Perote.<\/p>\n\n\n\n<p>Sus familiares protestaron la tarde de este lunes 16 de mayo frente a Palacio de Gobierno, en la zona centro de esta ciudad, para exigir a las autoridades estatales que intervengan y as\u00ed sean localizados.<\/p>\n\n\n\n<p>El ni\u00f1o tiene cuatro a\u00f1os, mientras que su madre tiene 20. Ambos salieron de compras pero ya no volvieron a su vivienda.<\/p>\n\n\n\n<p>Sus parientes est\u00e1n desesperados y demandan que se lleven a cabo las investigaciones correspondientes para dar con su paradero.<\/p>\n\n\n\n<p>Desde hace una semana, los familiares iniciaron la b\u00fasqueda con sus propios medios, pero no han tenido resultados favorables.<\/p>\n\n\n\n<p>\u201cFueron de compras y no llegaron a su casa. Esto fue en Perote, Veracruz, fuimos a la Fiscal\u00eda General del Estado, pedimos ayuda porque no los encontramos\u201d, expresaron sus parientes.<\/p>\n\n\n\n<p>El d\u00eda que desaparecieron, el menor llevaba pantal\u00f3n de mezclilla y playera azul. Su mam\u00e1 un pantal\u00f3n de mezclilla azul y sudadera morada.<\/p>\n\n\n\n<p>Los manifestantes otorgaron los n\u00fameros celulares 282 105 5050 y 282 123 2973, para que se comuniquen las personas que tengan informaci\u00f3n sobre los desaparecidos.<\/p>\n","protected":false},"excerpt":{"rendered":"<p>Juan Arcos Xalapa, Ver.- El pasado lunes 9 de mayo desaparecieron Dulce Cecilia Garc\u00eda Mart\u00ednez y su hijo Jonathan Ezequiel Loeza Garc\u00eda en el municipio de Perote. Sus familiares protestaron la tarde de este lunes 16 de mayo frente a Palacio de Gobierno, en la zona centro de esta ciudad, para exigir a las autoridades [&hellip;]<\/p>\n","protected":false},"author":1,"featured_media":27249,"comment_status":"open","ping_status":"open","sticky":false,"template":"","format":"standard","meta":{"_jetpack_memberships_contains_paid_content":false,"footnotes":""},"categories":[8],"tags":[],"class_list":["post-27248","post","type-post","status-publish","format-standard","has-post-thumbnail","hentry","category-region"],"jetpack_featured_media_url":"https:\/\/encuentroinformativo.com.mx\/wp-content\/uploads\/2022\/05\/DCDF094A-885F-4F10-8D17-1DA24880CA31.jpeg","jetpack_sharing_enabled":true,"jetpack_likes_enabled":true,"amp_enabled":true,"_links":{"self":[{"href":"https:\/\/encuentroinformativo.com.mx\/index.php?rest_route=\/wp\/v2\/posts\/27248","targetHints":{"allow":["GET"]}}],"collection":[{"href":"https:\/\/encuentroinformativo.com.mx\/index.php?rest_route=\/wp\/v2\/posts"}],"about":[{"href":"https:\/\/encuentroinformativo.com.mx\/index.php?rest_route=\/wp\/v2\/types\/post"}],"author":[{"embeddable":true,"href":"https:\/\/encuentroinformativo.com.mx\/index.php?rest_route=\/wp\/v2\/users\/1"}],"replies":[{"embeddable":true,"href":"https:\/\/encuentroinformativo.com.mx\/index.php?rest_route=%2Fwp%2Fv2%2Fcomments&post=27248"}],"version-history":[{"count":1,"href":"https:\/\/encuentroinformativo.com.mx\/index.php?rest_route=\/wp\/v2\/posts\/27248\/revisions"}],"predecessor-version":[{"id":27250,"href":"https:\/\/encuentroinformativo.com.mx\/index.php?rest_route=\/wp\/v2\/posts\/27248\/revisions\/27250"}],"wp:featuredmedia":[{"embeddable":true,"href":"https:\/\/encuentroinformativo.com.mx\/index.php?rest_route=\/wp\/v2\/media\/27249"}],"wp:attachment":[{"href":"https:\/\/encuentroinformativo.com.mx\/index.php?rest_route=%2Fwp%2Fv2%2Fmedia&parent=27248"}],"wp:term":[{"taxonomy":"category","embeddable":true,"href":"https:\/\/encuentroinformativo.com.mx\/index.php?rest_route=%2Fwp%2Fv2%2Fcategories&post=27248"},{"taxonomy":"post_tag","embeddable":true,"href":"https:\/\/encuentroinformativo.com.mx\/index.php?rest_route=%2Fwp%2Fv2%2Ftags&post=27248"}],"curies":[{"name":"wp","href":"https:\/\/api.w.org\/{rel}","templated":true}]}}