{"id":27251,"date":"2022-05-16T16:10:17","date_gmt":"2022-05-16T21:10:17","guid":{"rendered":"https:\/\/encuentroinformativo.com.mx\/?p=27251"},"modified":"2022-05-16T16:10:21","modified_gmt":"2022-05-16T21:10:21","slug":"anuncian-feria-del-mole-en-teocelo","status":"publish","type":"post","link":"https:\/\/encuentroinformativo.com.mx\/?p=27251","title":{"rendered":"Anuncian feria del mole en Teocelo"},"content":{"rendered":"\n<p>Xalapa, Ver.- Del 20 al 22 de mayo se realizar\u00e1 la Primera Feria de la miel y el mole en Teocelo, as\u00ed lo di\u00f3 a conocer el alcalde Isaac Anell Reyes acompa\u00f1ado por el subsecretario de Promoci\u00f3n y Atenci\u00f3n Tur\u00edstica, H\u00e9ctor Aguilera Lira.<\/p>\n\n\n\n<p>El edil inform\u00f3 que se har\u00e1 la presentaci\u00f3n de la enmolada m\u00e1s grande del mundo que esperan sea de 120 metros y as\u00ed reactivar la econom\u00eda del municipio esperando una derrama de 500 mil pesos y esperan recibir a m\u00e1s de 5 mil visitantes.<\/p>\n\n\n\n<figure class=\"wp-block-image size-large\"><img loading=\"lazy\" decoding=\"async\" width=\"1024\" height=\"683\" src=\"https:\/\/encuentroinformativo.com.mx\/wp-content\/uploads\/2022\/05\/E2DA925D-3A83-4D59-924B-0A7EAACAD5C5-1024x683.jpeg\" alt=\"\" class=\"wp-image-27253\" srcset=\"https:\/\/encuentroinformativo.com.mx\/wp-content\/uploads\/2022\/05\/E2DA925D-3A83-4D59-924B-0A7EAACAD5C5-1024x683.jpeg 1024w, https:\/\/encuentroinformativo.com.mx\/wp-content\/uploads\/2022\/05\/E2DA925D-3A83-4D59-924B-0A7EAACAD5C5-300x200.jpeg 300w, https:\/\/encuentroinformativo.com.mx\/wp-content\/uploads\/2022\/05\/E2DA925D-3A83-4D59-924B-0A7EAACAD5C5-768x512.jpeg 768w, https:\/\/encuentroinformativo.com.mx\/wp-content\/uploads\/2022\/05\/E2DA925D-3A83-4D59-924B-0A7EAACAD5C5.jpeg 1488w\" sizes=\"auto, (max-width: 1024px) 100vw, 1024px\" \/><\/figure>\n","protected":false},"excerpt":{"rendered":"<p>Xalapa, Ver.- Del 20 al 22 de mayo se realizar\u00e1 la Primera Feria de la miel y el mole en Teocelo, as\u00ed lo di\u00f3 a conocer el alcalde Isaac Anell Reyes acompa\u00f1ado por el subsecretario de Promoci\u00f3n y Atenci\u00f3n Tur\u00edstica, H\u00e9ctor Aguilera Lira. El edil inform\u00f3 que se har\u00e1 la presentaci\u00f3n de la enmolada m\u00e1s [&hellip;]<\/p>\n","protected":false},"author":1,"featured_media":27252,"comment_status":"open","ping_status":"open","sticky":false,"template":"","format":"standard","meta":{"_jetpack_memberships_contains_paid_content":false,"footnotes":""},"categories":[8],"tags":[],"class_list":["post-27251","post","type-post","status-publish","format-standard","has-post-thumbnail","hentry","category-region"],"jetpack_featured_media_url":"https:\/\/encuentroinformativo.com.mx\/wp-content\/uploads\/2022\/05\/158102A7-D2EF-4AA8-A78B-E2D759BD895E.jpeg","jetpack_sharing_enabled":true,"jetpack_likes_enabled":true,"amp_enabled":true,"_links":{"self":[{"href":"https:\/\/encuentroinformativo.com.mx\/index.php?rest_route=\/wp\/v2\/posts\/27251","targetHints":{"allow":["GET"]}}],"collection":[{"href":"https:\/\/encuentroinformativo.com.mx\/index.php?rest_route=\/wp\/v2\/posts"}],"about":[{"href":"https:\/\/encuentroinformativo.com.mx\/index.php?rest_route=\/wp\/v2\/types\/post"}],"author":[{"embeddable":true,"href":"https:\/\/encuentroinformativo.com.mx\/index.php?rest_route=\/wp\/v2\/users\/1"}],"replies":[{"embeddable":true,"href":"https:\/\/encuentroinformativo.com.mx\/index.php?rest_route=%2Fwp%2Fv2%2Fcomments&post=27251"}],"version-history":[{"count":1,"href":"https:\/\/encuentroinformativo.com.mx\/index.php?rest_route=\/wp\/v2\/posts\/27251\/revisions"}],"predecessor-version":[{"id":27254,"href":"https:\/\/encuentroinformativo.com.mx\/index.php?rest_route=\/wp\/v2\/posts\/27251\/revisions\/27254"}],"wp:featuredmedia":[{"embeddable":true,"href":"https:\/\/encuentroinformativo.com.mx\/index.php?rest_route=\/wp\/v2\/media\/27252"}],"wp:attachment":[{"href":"https:\/\/encuentroinformativo.com.mx\/index.php?rest_route=%2Fwp%2Fv2%2Fmedia&parent=27251"}],"wp:term":[{"taxonomy":"category","embeddable":true,"href":"https:\/\/encuentroinformativo.com.mx\/index.php?rest_route=%2Fwp%2Fv2%2Fcategories&post=27251"},{"taxonomy":"post_tag","embeddable":true,"href":"https:\/\/encuentroinformativo.com.mx\/index.php?rest_route=%2Fwp%2Fv2%2Ftags&post=27251"}],"curies":[{"name":"wp","href":"https:\/\/api.w.org\/{rel}","templated":true}]}}