{"id":27255,"date":"2022-05-16T16:13:14","date_gmt":"2022-05-16T21:13:14","guid":{"rendered":"https:\/\/encuentroinformativo.com.mx\/?p=27255"},"modified":"2022-05-16T16:13:18","modified_gmt":"2022-05-16T21:13:18","slug":"ciudadanos-de-medellin-inconformes-con-estrategia-de-seguridad","status":"publish","type":"post","link":"https:\/\/encuentroinformativo.com.mx\/?p=27255","title":{"rendered":"Ciudadanos de Medell\u00edn inconformes con estrategia de seguridad"},"content":{"rendered":"\n<p><strong>Alejandro \u00c1vila<\/strong><\/p>\n\n\n\n<p>Medell\u00edn de Bravo, Ver.- La ciudadan\u00eda de Medell\u00edn de Bravo se encuentra inconforme con la estrategia de seguridad que realiza la Secretar\u00eda de Seguridad P\u00fablica (SSP) en el municipio.<\/p>\n\n\n\n<p>Ante esta situaci\u00f3n el alcalde, Marcos Isle\u00f1o Andrade, sostuvo una reuni\u00f3n con el encargado del C5 de Boca del R\u00edo, Erick Daniel del \u00c1ngel Arce, a qui\u00e9n le expuso que, seg\u00fan las quejas ciudadanas, el Mando \u00danico adscrito a Medell\u00edn, no est\u00e1 cumpliendo de forma correcta la estrategia de seguridad en la ciudad.<\/p>\n\n\n\n<p>\u201cComo primera autoridad del municipio somos quienes recibimos las quejas de la gente. Y efectivamente, hemos comprobado que existe miedo en los ciudadanos, quienes manifiestan que no tan s\u00f3lo tienen que protegerse de los delincuentes, sino ahora tambi\u00e9n de la polic\u00eda\u201d, expres\u00f3 Marcos Isle\u00f1o a los enviados de la dependencia que encabeza el secretario Hugo Guti\u00e9rrez Maldonado.<\/p>\n\n\n\n<p>En el encuentro desarrollado en el Palacio Municipal de Medell\u00edn, particip\u00f3 Erick Daniel Del \u00c1ngel Arce, responsable de la subcoordinaci\u00f3n del C5 en Boca del R\u00edo, quien se comprometi\u00f3 a canalizar la informaci\u00f3n referida -al alto mando de la SSP-, para efectos de realizar las acciones pertinentes que permitan resolver la problem\u00e1tica que aqueja a los ciudadanos de Medell\u00edn en materia de seguridad.<\/p>\n","protected":false},"excerpt":{"rendered":"<p>Alejandro \u00c1vila Medell\u00edn de Bravo, Ver.- La ciudadan\u00eda de Medell\u00edn de Bravo se encuentra inconforme con la estrategia de seguridad que realiza la Secretar\u00eda de Seguridad P\u00fablica (SSP) en el municipio. Ante esta situaci\u00f3n el alcalde, Marcos Isle\u00f1o Andrade, sostuvo una reuni\u00f3n con el encargado del C5 de Boca del R\u00edo, Erick Daniel del \u00c1ngel [&hellip;]<\/p>\n","protected":false},"author":1,"featured_media":27256,"comment_status":"open","ping_status":"open","sticky":false,"template":"","format":"standard","meta":{"_jetpack_memberships_contains_paid_content":false,"footnotes":""},"categories":[2],"tags":[],"class_list":["post-27255","post","type-post","status-publish","format-standard","has-post-thumbnail","hentry","category-estado"],"jetpack_featured_media_url":"https:\/\/encuentroinformativo.com.mx\/wp-content\/uploads\/2022\/05\/3C8F0A49-9363-45B5-AE0D-D80C61B9061D.jpeg","jetpack_sharing_enabled":true,"jetpack_likes_enabled":true,"amp_enabled":true,"_links":{"self":[{"href":"https:\/\/encuentroinformativo.com.mx\/index.php?rest_route=\/wp\/v2\/posts\/27255","targetHints":{"allow":["GET"]}}],"collection":[{"href":"https:\/\/encuentroinformativo.com.mx\/index.php?rest_route=\/wp\/v2\/posts"}],"about":[{"href":"https:\/\/encuentroinformativo.com.mx\/index.php?rest_route=\/wp\/v2\/types\/post"}],"author":[{"embeddable":true,"href":"https:\/\/encuentroinformativo.com.mx\/index.php?rest_route=\/wp\/v2\/users\/1"}],"replies":[{"embeddable":true,"href":"https:\/\/encuentroinformativo.com.mx\/index.php?rest_route=%2Fwp%2Fv2%2Fcomments&post=27255"}],"version-history":[{"count":1,"href":"https:\/\/encuentroinformativo.com.mx\/index.php?rest_route=\/wp\/v2\/posts\/27255\/revisions"}],"predecessor-version":[{"id":27257,"href":"https:\/\/encuentroinformativo.com.mx\/index.php?rest_route=\/wp\/v2\/posts\/27255\/revisions\/27257"}],"wp:featuredmedia":[{"embeddable":true,"href":"https:\/\/encuentroinformativo.com.mx\/index.php?rest_route=\/wp\/v2\/media\/27256"}],"wp:attachment":[{"href":"https:\/\/encuentroinformativo.com.mx\/index.php?rest_route=%2Fwp%2Fv2%2Fmedia&parent=27255"}],"wp:term":[{"taxonomy":"category","embeddable":true,"href":"https:\/\/encuentroinformativo.com.mx\/index.php?rest_route=%2Fwp%2Fv2%2Fcategories&post=27255"},{"taxonomy":"post_tag","embeddable":true,"href":"https:\/\/encuentroinformativo.com.mx\/index.php?rest_route=%2Fwp%2Fv2%2Ftags&post=27255"}],"curies":[{"name":"wp","href":"https:\/\/api.w.org\/{rel}","templated":true}]}}