{"id":2726,"date":"2020-05-21T16:27:37","date_gmt":"2020-05-21T21:27:37","guid":{"rendered":"https:\/\/encuentroinformativo.com\/?p=2726"},"modified":"2020-05-21T16:27:40","modified_gmt":"2020-05-21T21:27:40","slug":"necesario-efectuar-mas-obras-de-pavimentacion-reconoce-regidor","status":"publish","type":"post","link":"https:\/\/encuentroinformativo.com.mx\/?p=2726","title":{"rendered":"Necesario efectuar m\u00e1s obras de pavimentaci\u00f3n, reconoce regidor"},"content":{"rendered":"\n<p><strong>Dar\u00edo Pale <\/strong><\/p>\n\n\n\n<p>Xalapa, Ver.- Las obras consideradas como no prioritarias para el pr\u00f3ximo a\u00f1o, que sean pospuestas a fin de que el recurso destinado se ejecute dentro de la misma obra p\u00fablica para la construcci\u00f3n de banquetas, guarniciones y pavimentaciones, as\u00ed lo propuso el regidor Juan Gabriel Fern\u00e1ndez Garibay.<\/p>\n\n\n\n<p>En entrevista se\u00f1al\u00f3 que la misma autoridad municipal ha reconocido que la pavimentaci\u00f3n de la capital del estado ha estado abandonada por muchos a\u00f1os.<\/p>\n\n\n\n<p>Ante esto dijo que con este recurso se puede realizar la construcci\u00f3n de m\u00e1s pavimentaciones, banquetas y guarniciones con lo que se beneficiar\u00eda a las constructoras locales.<\/p>\n\n\n\n<p>Durante la pasada sesi\u00f3n de Cabildo se\u00f1al\u00f3 que se est\u00e1 viviendo una condici\u00f3n at\u00edpica \u00a0y fuera de control por el Covid 19, por ello dijo que est\u00e1 preocupado que por los tiempos no se concluyan las obras aunado a ello, los recursos federales tienen reglas de juego muy espec\u00edficas.<\/p>\n\n\n\n<p>Apunt\u00f3 que el sector de la construcci\u00f3n es uno de los m\u00e1s afectados, pero tambi\u00e9n es uno de los que m\u00e1s trabajo genera en la capital del estado.<\/p>\n\n\n\n<p><\/p>\n","protected":false},"excerpt":{"rendered":"<p>Dar\u00edo Pale Xalapa, Ver.- Las obras consideradas como no prioritarias para el pr\u00f3ximo a\u00f1o, que sean pospuestas a fin de que el recurso destinado se ejecute dentro de la misma obra p\u00fablica para la construcci\u00f3n de banquetas, guarniciones y pavimentaciones, as\u00ed lo propuso el regidor Juan Gabriel Fern\u00e1ndez Garibay. En entrevista se\u00f1al\u00f3 que la misma [&hellip;]<\/p>\n","protected":false},"author":1,"featured_media":2727,"comment_status":"open","ping_status":"open","sticky":false,"template":"","format":"standard","meta":{"_jetpack_memberships_contains_paid_content":false,"footnotes":""},"categories":[3],"tags":[],"class_list":["post-2726","post","type-post","status-publish","format-standard","has-post-thumbnail","hentry","category-xalapa"],"jetpack_featured_media_url":"https:\/\/encuentroinformativo.com.mx\/wp-content\/uploads\/2020\/05\/12F07383-CBEC-4148-8827-14E964C4746D.jpeg","jetpack_sharing_enabled":true,"jetpack_likes_enabled":true,"amp_enabled":true,"_links":{"self":[{"href":"https:\/\/encuentroinformativo.com.mx\/index.php?rest_route=\/wp\/v2\/posts\/2726","targetHints":{"allow":["GET"]}}],"collection":[{"href":"https:\/\/encuentroinformativo.com.mx\/index.php?rest_route=\/wp\/v2\/posts"}],"about":[{"href":"https:\/\/encuentroinformativo.com.mx\/index.php?rest_route=\/wp\/v2\/types\/post"}],"author":[{"embeddable":true,"href":"https:\/\/encuentroinformativo.com.mx\/index.php?rest_route=\/wp\/v2\/users\/1"}],"replies":[{"embeddable":true,"href":"https:\/\/encuentroinformativo.com.mx\/index.php?rest_route=%2Fwp%2Fv2%2Fcomments&post=2726"}],"version-history":[{"count":1,"href":"https:\/\/encuentroinformativo.com.mx\/index.php?rest_route=\/wp\/v2\/posts\/2726\/revisions"}],"predecessor-version":[{"id":2728,"href":"https:\/\/encuentroinformativo.com.mx\/index.php?rest_route=\/wp\/v2\/posts\/2726\/revisions\/2728"}],"wp:featuredmedia":[{"embeddable":true,"href":"https:\/\/encuentroinformativo.com.mx\/index.php?rest_route=\/wp\/v2\/media\/2727"}],"wp:attachment":[{"href":"https:\/\/encuentroinformativo.com.mx\/index.php?rest_route=%2Fwp%2Fv2%2Fmedia&parent=2726"}],"wp:term":[{"taxonomy":"category","embeddable":true,"href":"https:\/\/encuentroinformativo.com.mx\/index.php?rest_route=%2Fwp%2Fv2%2Fcategories&post=2726"},{"taxonomy":"post_tag","embeddable":true,"href":"https:\/\/encuentroinformativo.com.mx\/index.php?rest_route=%2Fwp%2Fv2%2Ftags&post=2726"}],"curies":[{"name":"wp","href":"https:\/\/api.w.org\/{rel}","templated":true}]}}