{"id":27264,"date":"2022-05-16T16:58:40","date_gmt":"2022-05-16T21:58:40","guid":{"rendered":"https:\/\/encuentroinformativo.com.mx\/?p=27264"},"modified":"2022-05-16T16:58:44","modified_gmt":"2022-05-16T21:58:44","slug":"inicia-en-el-congreso-del-estado-la-semana-de-la-movilidad-y-seguridad-vial","status":"publish","type":"post","link":"https:\/\/encuentroinformativo.com.mx\/?p=27264","title":{"rendered":"Inicia en el Congreso del Estado la Semana de la Movilidad y Seguridad Vial"},"content":{"rendered":"\n<p><strong>* La inaugura el secretario de Seguridad P\u00fablica estatal, Hugo Guti\u00e9rrez Maldonado.<\/strong><\/p>\n\n\n\n<p>Xalapa, Ver.- Con la presencia del titular de la Secretar\u00eda de Seguridad P\u00fablica (SSP) del estado, Hugo Guti\u00e9rrez Maldonado, de la presidenta del Congreso del Estado, diputada Cecilia Guevara, y del presidente de la Junta de Coordinaci\u00f3n Pol\u00edtica (Jucopo), diputado Juan Javier G\u00f3mez Cazar\u00edn, inici\u00f3 la primera edici\u00f3n de la Semana de la Movilidad y Seguridad Vial, impulsada por la Comisi\u00f3n Permanente de Transporte, Tr\u00e1nsito y Vialidad, que preside el diputado Juan Enrique Santos Mendoza.<\/p>\n\n\n\n<p>En el auditorio Sebasti\u00e1n Lerdo de Tejada, comenz\u00f3 el acto protocolario y en el uso de la palabra, el presidente de la Jucopo, diputado Juan Javier G\u00f3mez Cazar\u00edn, se\u00f1al\u00f3 la importancia de contar con servicios de calidad por parte de la administraci\u00f3n p\u00fablica y la necesidad de continuar mejorando la atenci\u00f3n a las demandas ciudadanas en materia de seguridad.<\/p>\n\n\n\n<p>Para garantizar respuestas que est\u00e9n a la altura de los retos, reconoci\u00f3 que Veracruz tiene \u201cun gobierno verdadero que da resultados y todos los servidores p\u00fablicos estamos obligados a trabajar para el pueblo, porque ellos son los que mandan\u201d.<\/p>\n\n\n\n<p>A su vez, el legislador Juan Enrique Santos dijo que es fundamental facilitar conocimientos en la materia a trav\u00e9s de campa\u00f1as informativas, conferencias, foros, cursos y exposiciones, con el fin de contribuir a la prevenci\u00f3n de accidentes de tr\u00e1nsito y promover una movilidad sustentable, inclusiva y en condiciones de seguridad para todos.<\/p>\n\n\n\n<p>Agreg\u00f3 que, en el mundo, los accidentes de tr\u00e1nsito son la causa de muerte de personas cada 24 segundos, \u201csiendo cada accidente un hecho que ocasiona grandes consecuencias econ\u00f3micas y sociales, los cuales deben y pueden prevenirse\u201d.<\/p>\n\n\n\n<p>Destac\u00f3 que el confinamiento, resultado de la pandemia por Covid-19, logr\u00f3 bajar los \u00edndices de mortalidad por accidentes de tr\u00e1nsito, debido a la reducci\u00f3n de la movilidad, \u201cpero el confinamiento no es deseable para ninguna persona, porque se tiene que salir de la casa a ganarse el sustento y ejercer las profesiones. Mejorar la vialidad es mejorar la calidad de vida y lograr m\u00e1s progreso y bienestar para la gente\u201d.<\/p>\n\n\n\n<p>Tras el acto inaugural, las autoridades y visitantes recorrieron los diversos stands colocados en la explanada y en los pasillos del Palacio Legislativo, donde recibieron en cada m\u00f3dulo informaci\u00f3n sobre prevenci\u00f3n de accidentes, primeros auxilios, educaci\u00f3n vial, canje de placas y sus beneficios, entre otros.<\/p>\n\n\n\n<p>Asistieron el director general de Tr\u00e1nsito y Seguridad Vial, capit\u00e1n de corbeta Jos\u00e9 Antonio Camps Valencia; la presidenta de la Junta Local de Conciliaci\u00f3n y Arbitraje; Yazm\u00edn Zepeda Benavides; la secretaria t\u00e9cnica del Consejo Estatal de Prevenci\u00f3n de Accidentes, Yaneth Ladr\u00f3n de Guevara Capistr\u00e1n y la comisionada presidenta del Instituto Veracruzano de Acceso a la Informaci\u00f3n y Protecci\u00f3n de Datos Personales (IVAI), Naldy Patricia Rodr\u00edguez Lagunes.<\/p>\n\n\n\n<p>Tambi\u00e9n, el oficial encargado suplente de la Estaci\u00f3n Xalapa de la Guardia Nacional, Jos\u00e9 Antonio Hern\u00e1ndez Fuentes; el director general de Transporte del Estado, \u00c1ngel Alarc\u00f3n Palmeros y el secretario general del Sindicato \u00danico de Trabajadores al Servicio del Poder Legislativo (SUTSPL), Jos\u00e9 de Jes\u00fas Rodr\u00edguez Hern\u00e1ndez.<\/p>\n\n\n\n<p>Adem\u00e1s de las diputadas Illya Dolores Escobar Mart\u00ednez, Ana Miriam Ferr\u00e1ez Centeno y Maribel Ram\u00edrez Topete.<\/p>\n","protected":false},"excerpt":{"rendered":"<p>* La inaugura el secretario de Seguridad P\u00fablica estatal, Hugo Guti\u00e9rrez Maldonado. Xalapa, Ver.- Con la presencia del titular de la Secretar\u00eda de Seguridad P\u00fablica (SSP) del estado, Hugo Guti\u00e9rrez Maldonado, de la presidenta del Congreso del Estado, diputada Cecilia Guevara, y del presidente de la Junta de Coordinaci\u00f3n Pol\u00edtica (Jucopo), diputado Juan Javier G\u00f3mez [&hellip;]<\/p>\n","protected":false},"author":1,"featured_media":27265,"comment_status":"open","ping_status":"open","sticky":false,"template":"","format":"standard","meta":{"_jetpack_memberships_contains_paid_content":false,"footnotes":""},"categories":[2],"tags":[],"class_list":["post-27264","post","type-post","status-publish","format-standard","has-post-thumbnail","hentry","category-estado"],"jetpack_featured_media_url":"https:\/\/encuentroinformativo.com.mx\/wp-content\/uploads\/2022\/05\/1F80C3BB-9C28-424D-A5F1-4A86112C5052.jpeg","jetpack_sharing_enabled":true,"jetpack_likes_enabled":true,"amp_enabled":true,"_links":{"self":[{"href":"https:\/\/encuentroinformativo.com.mx\/index.php?rest_route=\/wp\/v2\/posts\/27264","targetHints":{"allow":["GET"]}}],"collection":[{"href":"https:\/\/encuentroinformativo.com.mx\/index.php?rest_route=\/wp\/v2\/posts"}],"about":[{"href":"https:\/\/encuentroinformativo.com.mx\/index.php?rest_route=\/wp\/v2\/types\/post"}],"author":[{"embeddable":true,"href":"https:\/\/encuentroinformativo.com.mx\/index.php?rest_route=\/wp\/v2\/users\/1"}],"replies":[{"embeddable":true,"href":"https:\/\/encuentroinformativo.com.mx\/index.php?rest_route=%2Fwp%2Fv2%2Fcomments&post=27264"}],"version-history":[{"count":1,"href":"https:\/\/encuentroinformativo.com.mx\/index.php?rest_route=\/wp\/v2\/posts\/27264\/revisions"}],"predecessor-version":[{"id":27266,"href":"https:\/\/encuentroinformativo.com.mx\/index.php?rest_route=\/wp\/v2\/posts\/27264\/revisions\/27266"}],"wp:featuredmedia":[{"embeddable":true,"href":"https:\/\/encuentroinformativo.com.mx\/index.php?rest_route=\/wp\/v2\/media\/27265"}],"wp:attachment":[{"href":"https:\/\/encuentroinformativo.com.mx\/index.php?rest_route=%2Fwp%2Fv2%2Fmedia&parent=27264"}],"wp:term":[{"taxonomy":"category","embeddable":true,"href":"https:\/\/encuentroinformativo.com.mx\/index.php?rest_route=%2Fwp%2Fv2%2Fcategories&post=27264"},{"taxonomy":"post_tag","embeddable":true,"href":"https:\/\/encuentroinformativo.com.mx\/index.php?rest_route=%2Fwp%2Fv2%2Ftags&post=27264"}],"curies":[{"name":"wp","href":"https:\/\/api.w.org\/{rel}","templated":true}]}}