{"id":27267,"date":"2022-05-16T20:39:55","date_gmt":"2022-05-17T01:39:55","guid":{"rendered":"https:\/\/encuentroinformativo.com.mx\/?p=27267"},"modified":"2022-05-16T20:39:59","modified_gmt":"2022-05-17T01:39:59","slug":"tendra-xalapa-mercado-ecologico-de-productores","status":"publish","type":"post","link":"https:\/\/encuentroinformativo.com.mx\/?p=27267","title":{"rendered":"Tendr\u00e1 Xalapa Mercado Ecol\u00f3gico de Productores"},"content":{"rendered":"\n<p><strong>*Se instalar\u00e1 los s\u00e1bados en bajos del Palacio Municipal<\/strong>.<\/p>\n\n\n\n<p>Xalapa, Ver.- Para comercializar art\u00edculos libres de agrot\u00f3xicos, transg\u00e9nicos, empaque o producidos a partir de material reciclado y reciclable, Xalapa contar\u00e1 con el mercado ecol\u00f3gico de productores <em>VerdeVer<\/em>, que se instalar\u00e1 los s\u00e1bados en bajos del Palacio Municipal.<\/p>\n\n\n\n<p>Tras una reuni\u00f3n con el presidente municipal Ricardo Ahued Bardahuil, la campa\u00f1ista de Pl\u00e1sticos y Oc\u00e9anos en Greenpeace M\u00e9xico, Ornela Garelli R\u00edos, explic\u00f3 que actualmente se impulsa en el municipio una campa\u00f1a de consumo responsable y producci\u00f3n ecol\u00f3gica para hacer ciudades sustentables, como forma de combatir el cambio clim\u00e1tico.<\/p>\n\n\n\n<p>Detall\u00f3 que desde hace m\u00e1s de un a\u00f1o, VerdeVer busca conformar un Mercado Ecol\u00f3gico de Productores donde se ofrezcan art\u00edculos creados a partir de la agricultura ecol\u00f3gica, que no da\u00f1an el medio ambiente ni la salud, adem\u00e1s de incluir la venta de productos libres de empaque o realizados con materiales reciclados y reciclables.<\/p>\n\n\n\n<p>Para ello es necesario contar con un espacio fijo para comercializar estos productos y dar difusi\u00f3n de este modelo alternativo de consumo.<\/p>\n\n\n\n<p>Manifest\u00f3 que gracias al inter\u00e9s y compromiso del Alcalde, el proyecto VerdeVer tendr\u00e1 lugar cada s\u00e1bado en bajos del Palacio Municipal para beneficio de las y los productores, as\u00ed como de la sociedad xalape\u00f1a.<\/p>\n\n\n\n<p>Asistieron a la reuni\u00f3n el regidor Daniel Fern\u00e1ndez Carri\u00f3n, el director de Desarrollo Econ\u00f3mico, Alberto Romero Guti\u00e9rrez e integrantes del proyecto VerdeVer.<\/p>\n","protected":false},"excerpt":{"rendered":"<p>*Se instalar\u00e1 los s\u00e1bados en bajos del Palacio Municipal. Xalapa, Ver.- Para comercializar art\u00edculos libres de agrot\u00f3xicos, transg\u00e9nicos, empaque o producidos a partir de material reciclado y reciclable, Xalapa contar\u00e1 con el mercado ecol\u00f3gico de productores VerdeVer, que se instalar\u00e1 los s\u00e1bados en bajos del Palacio Municipal. Tras una reuni\u00f3n con el presidente municipal Ricardo [&hellip;]<\/p>\n","protected":false},"author":1,"featured_media":27268,"comment_status":"open","ping_status":"open","sticky":false,"template":"","format":"standard","meta":{"_jetpack_memberships_contains_paid_content":false,"footnotes":""},"categories":[3],"tags":[],"class_list":["post-27267","post","type-post","status-publish","format-standard","has-post-thumbnail","hentry","category-xalapa"],"jetpack_featured_media_url":"https:\/\/encuentroinformativo.com.mx\/wp-content\/uploads\/2022\/05\/544EBD3B-DD01-49C2-AEF8-E279F1A24B12.jpeg","jetpack_sharing_enabled":true,"jetpack_likes_enabled":true,"amp_enabled":true,"_links":{"self":[{"href":"https:\/\/encuentroinformativo.com.mx\/index.php?rest_route=\/wp\/v2\/posts\/27267","targetHints":{"allow":["GET"]}}],"collection":[{"href":"https:\/\/encuentroinformativo.com.mx\/index.php?rest_route=\/wp\/v2\/posts"}],"about":[{"href":"https:\/\/encuentroinformativo.com.mx\/index.php?rest_route=\/wp\/v2\/types\/post"}],"author":[{"embeddable":true,"href":"https:\/\/encuentroinformativo.com.mx\/index.php?rest_route=\/wp\/v2\/users\/1"}],"replies":[{"embeddable":true,"href":"https:\/\/encuentroinformativo.com.mx\/index.php?rest_route=%2Fwp%2Fv2%2Fcomments&post=27267"}],"version-history":[{"count":1,"href":"https:\/\/encuentroinformativo.com.mx\/index.php?rest_route=\/wp\/v2\/posts\/27267\/revisions"}],"predecessor-version":[{"id":27269,"href":"https:\/\/encuentroinformativo.com.mx\/index.php?rest_route=\/wp\/v2\/posts\/27267\/revisions\/27269"}],"wp:featuredmedia":[{"embeddable":true,"href":"https:\/\/encuentroinformativo.com.mx\/index.php?rest_route=\/wp\/v2\/media\/27268"}],"wp:attachment":[{"href":"https:\/\/encuentroinformativo.com.mx\/index.php?rest_route=%2Fwp%2Fv2%2Fmedia&parent=27267"}],"wp:term":[{"taxonomy":"category","embeddable":true,"href":"https:\/\/encuentroinformativo.com.mx\/index.php?rest_route=%2Fwp%2Fv2%2Fcategories&post=27267"},{"taxonomy":"post_tag","embeddable":true,"href":"https:\/\/encuentroinformativo.com.mx\/index.php?rest_route=%2Fwp%2Fv2%2Ftags&post=27267"}],"curies":[{"name":"wp","href":"https:\/\/api.w.org\/{rel}","templated":true}]}}