{"id":27270,"date":"2022-05-17T08:44:23","date_gmt":"2022-05-17T13:44:23","guid":{"rendered":"https:\/\/encuentroinformativo.com.mx\/?p=27270"},"modified":"2022-05-17T08:44:27","modified_gmt":"2022-05-17T13:44:27","slug":"evento-agropecuario-de-amlo-lo-mismo-pero-mas-barato","status":"publish","type":"post","link":"https:\/\/encuentroinformativo.com.mx\/?p=27270","title":{"rendered":"EVENTO \u201cAGROPECUARIO\u201d DE AMLO: LO MISMO, PERO M\u00c1S BARATO"},"content":{"rendered":"\n<p><strong>ColumnaSinNombre<br>@pablojair<\/strong><\/p>\n\n\n\n<ul class=\"wp-block-list\"><li>El presidente Joe Biden manda buenas se\u00f1ales con el tema de Cuba.<\/li><li>\u201cLiberen a mis papis\u201d: Marlon Botas; \u00bfWinckler de plano no reaparece?<\/li><li>Magisterio, pilar principal en la transformaci\u00f3n de la educaci\u00f3n: Zenyazen.<\/li><\/ul>\n\n\n\n<p>El Huguito portando orgulloso la bandera arco\u00edris.<br>Trabajan y se divierten, como en Los Simpsons.<br>\u2014Chopenjawer<\/p>\n\n\n\n<p>Este fin de semana fue el evento de la Jornada de Producci\u00f3n para el Autoconsumo donde estuvo presente el presidente Andr\u00e9s Manuel L\u00f3pez Obrador.<\/p>\n\n\n\n<p>La cita fue en el World Trade Center de Boca del R\u00edo. Y el evento, a mi entender, fue como para animar a los empleados de la 4T a que se sumaran a contener la inflaci\u00f3n\u2026 como si dependiera de ellos.<\/p>\n\n\n\n<p>Uno entender\u00eda que por ser un evento \u201cagropecuario\u201d, lo m\u00e1s seguro es que iban a haber campesinos, productores, etc. Que las salas se ver\u00edan atiborradas de c\u00e1mpiras.<\/p>\n\n\n\n<p>Y es que nos quedamos con la costumbre de los eventos del PRI en el pasado, cuando se ve\u00edan las asociaciones campesinas, el llamado &#8220;voto verde&#8221;. En esos tiempos tambi\u00e9n se sumaban hab\u00eda maestros, ferrocarrileros, petroleros, y todo eso que llamaban las &#8220;fuerzas vivas&#8221; del tricolor para hacer el evento multitudinario a los ojos del presidente en turno.<\/p>\n\n\n\n<p>Durante d\u00e9cadas, Veracruz era el escenario nacional donde se celebraba, por ejemplo, la promulgaci\u00f3n de la Ley Agraria, y era costumbre que el presidente de la rep\u00fablica (del PRI) llegara al puerto para encabezar los actos conmemorativos acompa\u00f1ado de secretarios del rubro y los l\u00edderes campesinos, agrarios y ganaderos.<\/p>\n\n\n\n<p>Al salir el PRI de la Presidencia, ese evento se fue minimizando y se perdi\u00f3 la costumbre tan arraigada por los sexenios tricolores. Los que tambi\u00e9n se fueron al carajo fueron los l\u00edderes del &#8220;voto verde&#8221; y sus asociaciones vinculadas al otrora partido todopoderoso.<\/p>\n\n\n\n<p>Desde hace a\u00f1os, por ejemplo, se vio la decadencia de las oficinas de la Confederaci\u00f3n Nacional Campesina (CNC) y de las Ligas Agrarias ubicadas en Xalapa, ah\u00ed por el mercado San Jos\u00e9. Cuando aparentemente iba a tener un nuevo repunte y crecimiento fue en la \u00e9poca del liderazgo de Juan Carlos Molina Palacios, el diputado independiente ganadero (se hab\u00eda salido de la bancada del PRI) quien fue ejecutado el 9 de noviembre de 2019 en un rancho de su propiedad, justo a unas semanas de que iba a renunciar al cargo en la CNC.<\/p>\n\n\n\n<p>La llegada de la Cuarta Transformeishion cambi\u00f3 mucho la din\u00e1mica en la relaci\u00f3n entre el poder y dicho sector. De entrada, L\u00f3pez Obrador anunci\u00f3 que los apoyos del gobierno ya no ser\u00edan entregados ni a organizaciones ni a l\u00edderes, sino directamente a los productores. Esto caus\u00f3 airadas protestas de grupos como Antorcha Campesina, uno de los m\u00e1s beneficiados durante el priato en Veracruz.<\/p>\n\n\n\n<p>Acostumbrados los l\u00edderes \u201cantorchos\u201d de vivir c\u00f3modamente del presupuesto y con cargos p\u00fablicos regalados, por algunos d\u00edas estuvieron persiguiendo a AMLO durante sus giras por el pa\u00eds; en Coatepec, el 31 de mayo de 2019, un numeroso grupo se col\u00f3 al evento del presidente para increparle a gritos el que no estuviesen dando apoyos; L\u00f3pez Obrador, ma\u00f1oso como es, los provoc\u00f3 m\u00e1s en el discurso al arengar que ya no se entregaban recursos a organizaciones como Antorcha Campesina.<\/p>\n\n\n\n<p>Al paso del tiempo y con la llegada de la pandemia, los eventos presidenciales fueron menos y casi a puerta cerrada, con s\u00f3lo algunos invitados y poca prensa. De alguna manera, esto evit\u00f3 que grupos contrarios al lopezobradorismo siguieran con sus protestas en eventos del mandatario nacional.<\/p>\n\n\n\n<p>El evento del fin de semana es quiz\u00e1s &#8211;si no me falla la memoria&#8211; el primero de su tipo en los tiempos de la Cuarta Transformeishion en Veracruz, pero en verdad fue muy distinto a lo que est\u00e1bamos acostumbrados.<\/p>\n\n\n\n<p>De entrada, uno cre\u00eda que iba a estar no s\u00f3lo retacado de los campesinos y dem\u00e1s representantes del sector agricultor; que quiz\u00e1s iba a haber acarre\u2026 digo, simpatizantes quienes vendr\u00edan por su propio pie desde diversos puntos del estado para corear &#8220;\u00a1Es un honor estar con Obrador&#8221;!&#8221;. Se pensaba que iba a haber alcaldes invitados, representantes del sector, etc\u2026 pero nel.<\/p>\n\n\n\n<p>Lo que hab\u00eda eran puros empleados federales y ni siquiera se disimulaba: todos estaban uniformados con sus chalecos beige o guindas con la leyenda \u201cServidores de la Naci\u00f3n\u201d de la Secretar\u00eda del Bienestar, o algunos con chalecos naranjas que dec\u00edan \u201cExtensionistas\u201d, que seg\u00fan San Google \u201ces aquel que lleva el conocimiento agr\u00edcola a los productores y los exhortar a adoptar nuevas y mejores formas para trabajar en sus cultivos y ganados\u201d y son dependientes de la Secretar\u00eda de Agricultura y Desarrollo Rural.<\/p>\n\n\n\n<p>Aunque el WTC no luci\u00f3 lleno, s\u00ed se tomaron medidas de seguridad como el cerrar todos los accesos y s\u00f3lo permitir la entrada por una sola puerta. De hecho, horas antes, se sabe que cambiaron toda la jugada porque los de Presidencia tienen esa ma\u00f1ita de que llegan y manipulan la log\u00edstica a veces sin conocer el terreno. Pero pos todo sali\u00f3 bien.<\/p>\n\n\n\n<p>Si hacemos la odiosa comparaci\u00f3n con el pasado, quiz\u00e1s el asunto era algo similar: llegaron los que ten\u00edan que llegar porque ni modo que no acudieran y corrieran el riesgo de perder el empleo; hicieron quiz\u00e1s menos ruido (un fot\u00f3grafo me recordaba cuando los ferrocarrileros llevaban la corneta de la locomotora que espantaba a medio mundo) pero siguieron las mismas pr\u00e1cticas de tomarse la foto con el presidente o simplemente extender las manos para saludarlo y echarle porras.<\/p>\n\n\n\n<p>Dec\u00edan por ah\u00ed que este evento podr\u00eda haber tenido otro significado, como una especie de banderazo hacia los servidores de la naci\u00f3n para que se apliquen y comiencen a operar para el 2024, pero la realidad es que no se escuch\u00f3 nada electoral, nada pol\u00edtico. De hecho, no se vio a dirigentes de Morena.<\/p>\n\n\n\n<p>El acto fue oficial, pero eso s\u00ed: de pura saliva, s\u00f3lo como para recibir el apapacho presidencial para un tema que se ve m\u00e1s complejo que una simple reuni\u00f3n de empleados federales en el G\u00fcorl Traid Senter para pedirles que le echen ganitas ante un megapedo mundial.<\/p>\n\n\n\n<p><strong>NOTA PARA PEGAR EN EL REFRI: <\/strong>A lo mejor el llamado de AMLO no cay\u00f3 en o\u00eddos sordos con respecto a la Cumbre de Las Am\u00e9ricas que se va a celebrar en Los \u00c1ngeles, California, pues ya su hom\u00f3logo Joe Biden destrab\u00f3 este lunes el tema de los vuelos comerciales a Cuba y el l\u00edmite a las remesas que se env\u00edan desde el pa\u00eds del norte a la isla caribe\u00f1a\u2026 Hay que recordar al carism\u00e1tico presidente Obama (administraci\u00f3n donde estuvo Biden como vicepresidente) como quien dio los primeros pasos en d\u00e9cadas para restablecer las relaciones con Cuba, incluso dando recorridos por La Habana, por lo que se puede decir que el actual presidente est\u00e1 consciente de lo qu\u00e9 pasa y lo que se hizo antes de que echara todo a perder el expresidente Donald Trump, quien regres\u00f3 a las medidas autoritarias contra la isla\u2026 Esto parece ser tambi\u00e9n una buena se\u00f1al que Biden manda a L\u00f3pez Obrador para que el presidente mexicano asista a dicha cumbre, algo as\u00ed como \u201cAnda, amigou, yo querer que tu venir a LA\u201d, y no por nada hasta viene una delegaci\u00f3n gringa a entrevistarse con la Presidencia y la Canciller\u00eda\u2026 Falta ver si terminan invitando a los pa\u00edses se\u00f1alados como antidemocr\u00e1ticos y dictadores, como pide AMLO, pero a ver qu\u00e9 pasa con esta novela de la pol\u00edtica moderna.<\/p>\n\n\n\n<p><strong>OTRA NOTA: <\/strong>El caso de Monserrat Bendimes comienza a tomar nuevamente fuerza por la manera en que apareci\u00f3 su presunto feminicida, llamado Marlon Botas, quien con un mensaje bastante baboso pidi\u00f3 la liberaci\u00f3n de sus papis a cambio de entregarse a la justicia\u2026 Como se ve que el tipo no est\u00e1 asesorado legalmente, al parecer cree que tiene la ventaja y oportunidad de negociar la liberaci\u00f3n de sus progenitores con el hecho de reaparecer, pero parece que nadie le ha dicho que sus padres est\u00e1n presos por complicidad y encubrimiento, lo que tambi\u00e9n es grave y merece c\u00e1rcel\u2026 Finalmente la estrategia de detener a los padres le funcion\u00f3 a las autoridades, pues seguramente al tal Marlon Botas (pr\u00f3fugo de la justicia y con una recompensa por su localizaci\u00f3n) ya se le debe haber acabado la lana por andarse escondiendo\u2026 El que de plano debe ser millonario debe ser Jorge Winckler, el ex fiscal, pos mire que sigue a salto de mata, escondido, y parece que defeca dinero porque nunca le falta para seguir viviendo en la clandestinidad.<\/p>\n\n\n\n<p><strong>LA \u00daLTIMA PORQUE PEL\u00cdCULAS PENDIENTES EN EL \u201cNEKFLIDS\u201d:<\/strong> En un ambiente de alegr\u00eda y camarader\u00eda, el secretario Zenyazen Escobar Garc\u00eda dijo que es innegable el talento y compromiso de las y los trabajadores de la educaci\u00f3n en el estado, pues gracias a su esp\u00edritu de formadores han logrado que la entidad se coloque entre los diez mejor evaluados por la Comisi\u00f3n Nacional para la Mejora Continua de la Educaci\u00f3n (MEJOREDU)\u2026 En este sentido reiter\u00f3 que el magisterio es un pilar fundamental de la sociedad que incluso nunca se ha doblegado ante los retos y adversidades como lo fue la pandemia por COVID-19, y por ello existe un profundo agradecimiento con quienes permiten impulsar el sistema educativo y gracias a ellos favorezcan a que Veracruz sea uno de los estados con el mayor n\u00famero de escuelas abiertas\u2026 Luego de dos a\u00f1os de haberse suspendido el festejo en la fecha oficial a causa de la pandemia, este d\u00eda se retom\u00f3 en las instalaciones del World Trade Center, donde el secretario de despacho acompa\u00f1\u00f3 al gobernador Cuitl\u00e1huac Garc\u00eda Jim\u00e9nez a la entrega de reconocimientos y est\u00edmulos econ\u00f3micos a 2 mil 461 docentes que cumplieron 30 y 40 a\u00f1os de servir a la ni\u00f1ez y juventud veracruzana, se rindi\u00f3 un homenaje a las y los maestros que perdieron la batalla durante esta pandemia; honrando su memoria con un minuto de aplausos.<\/p>\n","protected":false},"excerpt":{"rendered":"<p>ColumnaSinNombre@pablojair El presidente Joe Biden manda buenas se\u00f1ales con el tema de Cuba. \u201cLiberen a mis papis\u201d: Marlon Botas; \u00bfWinckler de plano no reaparece? Magisterio, pilar principal en la transformaci\u00f3n de la educaci\u00f3n: Zenyazen. El Huguito portando orgulloso la bandera arco\u00edris.Trabajan y se divierten, como en Los Simpsons.\u2014Chopenjawer Este fin de semana fue el evento [&hellip;]<\/p>\n","protected":false},"author":1,"featured_media":488,"comment_status":"open","ping_status":"open","sticky":false,"template":"","format":"standard","meta":{"_jetpack_memberships_contains_paid_content":false,"footnotes":""},"categories":[11],"tags":[],"class_list":["post-27270","post","type-post","status-publish","format-standard","has-post-thumbnail","hentry","category-opinion"],"jetpack_featured_media_url":"https:\/\/encuentroinformativo.com.mx\/wp-content\/uploads\/2020\/03\/F471F608-BA1A-416B-BA7B-BCFB24F4E6D0.jpeg","jetpack_sharing_enabled":true,"jetpack_likes_enabled":true,"amp_enabled":true,"_links":{"self":[{"href":"https:\/\/encuentroinformativo.com.mx\/index.php?rest_route=\/wp\/v2\/posts\/27270","targetHints":{"allow":["GET"]}}],"collection":[{"href":"https:\/\/encuentroinformativo.com.mx\/index.php?rest_route=\/wp\/v2\/posts"}],"about":[{"href":"https:\/\/encuentroinformativo.com.mx\/index.php?rest_route=\/wp\/v2\/types\/post"}],"author":[{"embeddable":true,"href":"https:\/\/encuentroinformativo.com.mx\/index.php?rest_route=\/wp\/v2\/users\/1"}],"replies":[{"embeddable":true,"href":"https:\/\/encuentroinformativo.com.mx\/index.php?rest_route=%2Fwp%2Fv2%2Fcomments&post=27270"}],"version-history":[{"count":1,"href":"https:\/\/encuentroinformativo.com.mx\/index.php?rest_route=\/wp\/v2\/posts\/27270\/revisions"}],"predecessor-version":[{"id":27271,"href":"https:\/\/encuentroinformativo.com.mx\/index.php?rest_route=\/wp\/v2\/posts\/27270\/revisions\/27271"}],"wp:featuredmedia":[{"embeddable":true,"href":"https:\/\/encuentroinformativo.com.mx\/index.php?rest_route=\/wp\/v2\/media\/488"}],"wp:attachment":[{"href":"https:\/\/encuentroinformativo.com.mx\/index.php?rest_route=%2Fwp%2Fv2%2Fmedia&parent=27270"}],"wp:term":[{"taxonomy":"category","embeddable":true,"href":"https:\/\/encuentroinformativo.com.mx\/index.php?rest_route=%2Fwp%2Fv2%2Fcategories&post=27270"},{"taxonomy":"post_tag","embeddable":true,"href":"https:\/\/encuentroinformativo.com.mx\/index.php?rest_route=%2Fwp%2Fv2%2Ftags&post=27270"}],"curies":[{"name":"wp","href":"https:\/\/api.w.org\/{rel}","templated":true}]}}