{"id":27276,"date":"2022-05-17T09:29:31","date_gmt":"2022-05-17T14:29:31","guid":{"rendered":"https:\/\/encuentroinformativo.com.mx\/?p=27276"},"modified":"2022-05-17T09:29:35","modified_gmt":"2022-05-17T14:29:35","slug":"extinguen-fideicomiso-del-acuario-de-veracruz","status":"publish","type":"post","link":"https:\/\/encuentroinformativo.com.mx\/?p=27276","title":{"rendered":"Extinguen Fideicomiso del Acuario de Veracruz"},"content":{"rendered":"\n<p><strong>Juan Arcos <\/strong><\/p>\n\n\n\n<p>Xalapa, Ver.- El gobernador de Veracruz, Cuitl\u00e1huac Garc\u00eda Jim\u00e9nez, emiti\u00f3 un decreto con el cual se extingue el fideicomiso p\u00fablico de administraci\u00f3n del Acuario de Veracruz.<\/p>\n\n\n\n<p>El sitio tur\u00edstico ubicado en el puerto de Veracruz quedar\u00e1 a cargo de la Procuradur\u00eda Estatal de Medio Ambiente (PMA), que encabeza Sergio Rodr\u00edguez Cort\u00e9s.<\/p>\n\n\n\n<p>El decreto fue publicado en la Gaceta Oficial del Estado de Veracruz durante la noche del lunes 16 de mayo, luego de que el mandatario estatal acusara al Consejo Administrativo del Acuario de ocultar la muerte de un manat\u00ed en sus instalaciones.<\/p>\n\n\n\n<p>En el documento, el titular del Poder Ejecutivo en Veracruz tambi\u00e9n instruy\u00f3 el cambio de nombre a \u201cAquarium del puerto de Veracruz\u201d.<\/p>\n\n\n\n<p>\u201cLa Procuradur\u00eda tendr\u00e1 a su cargo la representaci\u00f3n legal y ejercicio de los derechos y obligaciones del Aquarium, que pasar\u00e1 a formar parte de su estructura org\u00e1nica, con los fines de orden p\u00fablico e inter\u00e9s social de garantizar la continuidad, permanencia y regularidad de todos los servicios a cargo del Aquarium, en atenci\u00f3n a las disposiciones que le otorgan a laProcuradur\u00eda los atributos de personalidad jur\u00eddica y patrimonio propios, en sus funciones de derecho p\u00fablico\u201d, se lee en el decreto.<\/p>\n\n\n\n<p>Tambi\u00e9n se detalla que la Contralor\u00eda General y la Secretar\u00eda de Finanzas y Planeaci\u00f3n, ambas del GobiernoEstado de Veracruz de Ignacio de la Llave, en ejercicio de las facultades que les otorgan las disposiciones legales y reglamentarias aplicables, supervisar\u00e1n y dictaminar\u00e1n el t\u00e9rmino y finiquito de las funciones del fideicomiso que se extingue en este acto, as\u00ed como de su traslado yadscripci\u00f3n al &#8220;Aquarium&#8221;, con el objeto de garantizar los bienes y el r\u00e9gimen patrimonial que quedan a cargo de la &#8220;Procuradur\u00eda&#8221;.<\/p>\n\n\n\n<p>\u201cPara tal fin, el Fideicomitente instruir\u00e1 al Fiduciario entregue los recursos que conforman el patrimonio del Fideicomiso a la Tesorer\u00eda de la Secretaria de Finanzas y Planeaci\u00f3n\u201d.<\/p>\n\n\n\n<p>Esto ocurre luego de que el Acuario de Veracruz fuera clausurado por la Procuradur\u00eda Estatal de Medio Ambiente el pasado 11 de mayo, como parte de un proceso desde diciembre del 2019 por la celebraci\u00f3n de una fiesta dentro del \u00e1rea de la pecera arrecifal.<\/p>\n\n\n\n<p>La tarde del 16 de mayo, el Consejo Administrativo del Acuario solicit\u00f3 a la Procuradur\u00eda Federal de Protecci\u00f3n al Ambiente (Profepa), \u00f3rgano desconcentrado de la Secretar\u00eda del Medio Ambiente y Recursos Naturales (Semarnat), realice inspecci\u00f3n documental y de campo al Acuario de Veracruz.<\/p>\n\n\n\n<p>Lo anterior, con la finalidad de acreditar el debido cumplimiento de las Normas Oficiales Mexicanas y procesos en materia Ambiental Federal y Vida Silvestre, y con la intenci\u00f3n de aclarar la invasi\u00f3n de competencias.\u00a0<\/p>\n\n\n\n<p>Se prev\u00e9 que de manera inmediata se levante la clausura del lugar tur\u00edstico, misma que fue impuesta por la PMA.<\/p>\n","protected":false},"excerpt":{"rendered":"<p>Juan Arcos Xalapa, Ver.- El gobernador de Veracruz, Cuitl\u00e1huac Garc\u00eda Jim\u00e9nez, emiti\u00f3 un decreto con el cual se extingue el fideicomiso p\u00fablico de administraci\u00f3n del Acuario de Veracruz. El sitio tur\u00edstico ubicado en el puerto de Veracruz quedar\u00e1 a cargo de la Procuradur\u00eda Estatal de Medio Ambiente (PMA), que encabeza Sergio Rodr\u00edguez Cort\u00e9s. El decreto [&hellip;]<\/p>\n","protected":false},"author":1,"featured_media":27275,"comment_status":"open","ping_status":"open","sticky":false,"template":"","format":"standard","meta":{"_jetpack_memberships_contains_paid_content":false,"footnotes":""},"categories":[2],"tags":[],"class_list":["post-27276","post","type-post","status-publish","format-standard","has-post-thumbnail","hentry","category-estado"],"jetpack_featured_media_url":"https:\/\/encuentroinformativo.com.mx\/wp-content\/uploads\/2022\/05\/D7C551EF-F70D-42EE-B5A5-A2A795063067.jpeg","jetpack_sharing_enabled":true,"jetpack_likes_enabled":true,"amp_enabled":true,"_links":{"self":[{"href":"https:\/\/encuentroinformativo.com.mx\/index.php?rest_route=\/wp\/v2\/posts\/27276","targetHints":{"allow":["GET"]}}],"collection":[{"href":"https:\/\/encuentroinformativo.com.mx\/index.php?rest_route=\/wp\/v2\/posts"}],"about":[{"href":"https:\/\/encuentroinformativo.com.mx\/index.php?rest_route=\/wp\/v2\/types\/post"}],"author":[{"embeddable":true,"href":"https:\/\/encuentroinformativo.com.mx\/index.php?rest_route=\/wp\/v2\/users\/1"}],"replies":[{"embeddable":true,"href":"https:\/\/encuentroinformativo.com.mx\/index.php?rest_route=%2Fwp%2Fv2%2Fcomments&post=27276"}],"version-history":[{"count":1,"href":"https:\/\/encuentroinformativo.com.mx\/index.php?rest_route=\/wp\/v2\/posts\/27276\/revisions"}],"predecessor-version":[{"id":27277,"href":"https:\/\/encuentroinformativo.com.mx\/index.php?rest_route=\/wp\/v2\/posts\/27276\/revisions\/27277"}],"wp:featuredmedia":[{"embeddable":true,"href":"https:\/\/encuentroinformativo.com.mx\/index.php?rest_route=\/wp\/v2\/media\/27275"}],"wp:attachment":[{"href":"https:\/\/encuentroinformativo.com.mx\/index.php?rest_route=%2Fwp%2Fv2%2Fmedia&parent=27276"}],"wp:term":[{"taxonomy":"category","embeddable":true,"href":"https:\/\/encuentroinformativo.com.mx\/index.php?rest_route=%2Fwp%2Fv2%2Fcategories&post=27276"},{"taxonomy":"post_tag","embeddable":true,"href":"https:\/\/encuentroinformativo.com.mx\/index.php?rest_route=%2Fwp%2Fv2%2Ftags&post=27276"}],"curies":[{"name":"wp","href":"https:\/\/api.w.org\/{rel}","templated":true}]}}