{"id":27279,"date":"2022-05-17T10:35:19","date_gmt":"2022-05-17T15:35:19","guid":{"rendered":"https:\/\/encuentroinformativo.com.mx\/?p=27279"},"modified":"2022-05-17T10:35:22","modified_gmt":"2022-05-17T15:35:22","slug":"reclaman-asignacion-de-plazas-toman-oficinas-de-la-sev","status":"publish","type":"post","link":"https:\/\/encuentroinformativo.com.mx\/?p=27279","title":{"rendered":"Reclaman asignaci\u00f3n de plazas; toman oficinas de la SEV"},"content":{"rendered":"\n<p><strong>Dar\u00edo Pale <\/strong><\/p>\n\n\n\n<p>Xalapa, Ver.- Profesores de distintos sindicatos magisteriales, tomaron las instalaciones de la Secretar\u00eda de Educaci\u00f3n de Veracruz (SEV) para exigir la asignaci\u00f3n de plazas, cambios de adscripci\u00f3n y el techo presupuestal 2022 adecuado para recategorizar las bases.<\/p>\n\n\n\n<p>En entrevista el secretario general del Gremio Nacional de Trabajadores de la Educaci\u00f3n (GNTE), Avith Moctezuma Uscanga, se\u00f1al\u00f3 que una de las situaciones es que est\u00e1n solicitando a la dependencia que no se le descuenten 6 d\u00edas de trabajo a una de sus compa\u00f1eras que fue golpeada y que aunque present\u00f3 su copia de la denuncia interpuesta, quieren hacerle el descuento.<\/p>\n\n\n\n<p>Coment\u00f3 que otra de las situaciones es que desde hace ya m\u00e1s de tres a\u00f1os est\u00e1n solicitando una importante cantidad de cambios de adscripci\u00f3n y aunque ha existido la promesa por parte de la autoridad de tomarlos en cuenta, esto no ha sucedido.<\/p>\n\n\n\n<p>Asimismo, indic\u00f3 que desde hace m\u00e1s de un a\u00f1o fueron aprobados cambios por temas de inseguridad por parte del t\u00e9cnico normativo, pero en los niveles escolares no quieren hacer los cambios.<\/p>\n\n\n\n<p>&#8220;A una compa\u00f1era la golpean, la asaltan, falta seis d\u00edas y se los quieren descontar cuando mostr\u00f3 la denuncia ante la Fiscal\u00eda, de la golpiza que le dieron, entre otras&#8221;, se\u00f1al\u00f3.<\/p>\n\n\n\n<p>Moctezuma Uscanga a\u00f1adi\u00f3 que adem\u00e1s est\u00e1n pendientes pagos de personal de nuevo ingreso que no ha cobrado.<\/p>\n\n\n\n<p>&#8220;No hay cumplimiento de los acuerdos. La subsecretaria de Educaci\u00f3n B\u00e1sica el 2 de febrero dijo a los sistemas que todo lo que se atendi\u00f3 por sindicatos, se ten\u00eda que dar la respuesta a los sindicatos y no se est\u00e1 haciendo, los niveles les dan los respuesta a los trabajadores, quieren hacer a un lado a las organizaciones sindicales&#8221;, critic\u00f3.<\/p>\n\n\n\n<p>Por \u00faltimo cabe se\u00f1alar que esta protesta se sumaron la Liga Magisterial Veracruzana (LMV), Sindicato Aut\u00e9ntico de Trabajadores de Telebachillerato (Satebaev), Alternativa Sindical de Trabajadores de la Educaci\u00f3n (Astev) y el Sindicato \u00a0Independiente de Regeneraci\u00f3n Magisterial (SIRMA).<\/p>\n\n\n\n<figure class=\"wp-block-image size-large\"><img loading=\"lazy\" decoding=\"async\" width=\"1024\" height=\"576\" src=\"https:\/\/encuentroinformativo.com.mx\/wp-content\/uploads\/2022\/05\/DA4C8780-8BC6-4CBB-A519-DDEADD92F385-1024x576.jpeg\" alt=\"\" class=\"wp-image-27281\" srcset=\"https:\/\/encuentroinformativo.com.mx\/wp-content\/uploads\/2022\/05\/DA4C8780-8BC6-4CBB-A519-DDEADD92F385-1024x576.jpeg 1024w, https:\/\/encuentroinformativo.com.mx\/wp-content\/uploads\/2022\/05\/DA4C8780-8BC6-4CBB-A519-DDEADD92F385-300x169.jpeg 300w, https:\/\/encuentroinformativo.com.mx\/wp-content\/uploads\/2022\/05\/DA4C8780-8BC6-4CBB-A519-DDEADD92F385-768x432.jpeg 768w, https:\/\/encuentroinformativo.com.mx\/wp-content\/uploads\/2022\/05\/DA4C8780-8BC6-4CBB-A519-DDEADD92F385.jpeg 1280w\" sizes=\"auto, (max-width: 1024px) 100vw, 1024px\" \/><\/figure>\n","protected":false},"excerpt":{"rendered":"<p>Dar\u00edo Pale Xalapa, Ver.- Profesores de distintos sindicatos magisteriales, tomaron las instalaciones de la Secretar\u00eda de Educaci\u00f3n de Veracruz (SEV) para exigir la asignaci\u00f3n de plazas, cambios de adscripci\u00f3n y el techo presupuestal 2022 adecuado para recategorizar las bases. En entrevista el secretario general del Gremio Nacional de Trabajadores de la Educaci\u00f3n (GNTE), Avith Moctezuma [&hellip;]<\/p>\n","protected":false},"author":1,"featured_media":27280,"comment_status":"open","ping_status":"open","sticky":false,"template":"","format":"standard","meta":{"_jetpack_memberships_contains_paid_content":false,"footnotes":""},"categories":[3],"tags":[],"class_list":["post-27279","post","type-post","status-publish","format-standard","has-post-thumbnail","hentry","category-xalapa"],"jetpack_featured_media_url":"https:\/\/encuentroinformativo.com.mx\/wp-content\/uploads\/2022\/05\/2004FF30-E50B-4A04-AE63-618D24739F95.jpeg","jetpack_sharing_enabled":true,"jetpack_likes_enabled":true,"amp_enabled":true,"_links":{"self":[{"href":"https:\/\/encuentroinformativo.com.mx\/index.php?rest_route=\/wp\/v2\/posts\/27279","targetHints":{"allow":["GET"]}}],"collection":[{"href":"https:\/\/encuentroinformativo.com.mx\/index.php?rest_route=\/wp\/v2\/posts"}],"about":[{"href":"https:\/\/encuentroinformativo.com.mx\/index.php?rest_route=\/wp\/v2\/types\/post"}],"author":[{"embeddable":true,"href":"https:\/\/encuentroinformativo.com.mx\/index.php?rest_route=\/wp\/v2\/users\/1"}],"replies":[{"embeddable":true,"href":"https:\/\/encuentroinformativo.com.mx\/index.php?rest_route=%2Fwp%2Fv2%2Fcomments&post=27279"}],"version-history":[{"count":1,"href":"https:\/\/encuentroinformativo.com.mx\/index.php?rest_route=\/wp\/v2\/posts\/27279\/revisions"}],"predecessor-version":[{"id":27282,"href":"https:\/\/encuentroinformativo.com.mx\/index.php?rest_route=\/wp\/v2\/posts\/27279\/revisions\/27282"}],"wp:featuredmedia":[{"embeddable":true,"href":"https:\/\/encuentroinformativo.com.mx\/index.php?rest_route=\/wp\/v2\/media\/27280"}],"wp:attachment":[{"href":"https:\/\/encuentroinformativo.com.mx\/index.php?rest_route=%2Fwp%2Fv2%2Fmedia&parent=27279"}],"wp:term":[{"taxonomy":"category","embeddable":true,"href":"https:\/\/encuentroinformativo.com.mx\/index.php?rest_route=%2Fwp%2Fv2%2Fcategories&post=27279"},{"taxonomy":"post_tag","embeddable":true,"href":"https:\/\/encuentroinformativo.com.mx\/index.php?rest_route=%2Fwp%2Fv2%2Ftags&post=27279"}],"curies":[{"name":"wp","href":"https:\/\/api.w.org\/{rel}","templated":true}]}}