{"id":27283,"date":"2022-05-17T10:40:59","date_gmt":"2022-05-17T15:40:59","guid":{"rendered":"https:\/\/encuentroinformativo.com.mx\/?p=27283"},"modified":"2022-05-17T10:41:02","modified_gmt":"2022-05-17T15:41:02","slug":"retira-pma-sellos-de-clausura-en-el-acuario","status":"publish","type":"post","link":"https:\/\/encuentroinformativo.com.mx\/?p=27283","title":{"rendered":"Retira PMA sellos de clausura en el Acuario"},"content":{"rendered":"\n<p><strong>Alejandro \u00c1vila<\/strong><\/p>\n\n\n\n<p>Veracruz, Ver.- En punto de las 9 de la ma\u00f1ana de este martes 17 de mayo, fueron retirados los sellos de clausura del Acuario de Veracruz por personal de la Procuradur\u00eda de Medio Ambiente.<\/p>\n\n\n\n<p>El subprocurador Gaspar Monteagudo fue quien encabez\u00f3 la comitiva que tom\u00f3 posesi\u00f3n del inmueble; es de recordar que al primer minuto de este martes, se public\u00f3 en la Gaceta Oficial de Veracruz, el decreto que desaparec\u00eda el fideicomiso del Acuario de Veracruz, y se puntualizaba que, la administraci\u00f3n quedar\u00e1 a cargo de la Procuradur\u00eda de Medio Ambiente.<\/p>\n\n\n\n<p>S\u00ed bien no existe una versi\u00f3n oficial de lo que suceder\u00e1 en el Acuario de Veracruz, se pudo conocer que, en un lapso de 24 a 48 horas quedar\u00e1 nuevamente abierto al p\u00fablico.<\/p>\n\n\n\n<p>Mientras que, tambi\u00e9n se inform\u00f3, la entrega &#8211; recepci\u00f3n de documentos, debe quedar lista este mismo martes; y por ley, se cuenta con un m\u00e1ximo de 30 d\u00edas para que el nuevo administrador pueda llamar a los anteriores responsables, en caso de encontrar alguna irregularidad o tener alguna duda sobre ciertos procedimientos.<\/p>\n\n\n\n<p>Al respecto de los empleados que laboran actualmente en el Acuario de Veracruz se asegur\u00f3 que, ninguno de ellos ser\u00e1 removido de su cargo, y \u00fanicamente se podr\u00edan hacer cambios de dos o tres personas en la c\u00fapula directiva.<\/p>\n","protected":false},"excerpt":{"rendered":"<p>Alejandro \u00c1vila Veracruz, Ver.- En punto de las 9 de la ma\u00f1ana de este martes 17 de mayo, fueron retirados los sellos de clausura del Acuario de Veracruz por personal de la Procuradur\u00eda de Medio Ambiente. El subprocurador Gaspar Monteagudo fue quien encabez\u00f3 la comitiva que tom\u00f3 posesi\u00f3n del inmueble; es de recordar que al [&hellip;]<\/p>\n","protected":false},"author":1,"featured_media":27284,"comment_status":"open","ping_status":"open","sticky":false,"template":"","format":"standard","meta":{"_jetpack_memberships_contains_paid_content":false,"footnotes":""},"categories":[2],"tags":[],"class_list":["post-27283","post","type-post","status-publish","format-standard","has-post-thumbnail","hentry","category-estado"],"jetpack_featured_media_url":"https:\/\/encuentroinformativo.com.mx\/wp-content\/uploads\/2022\/05\/CBF0A488-AC05-434E-86E0-4A44218382E0.jpeg","jetpack_sharing_enabled":true,"jetpack_likes_enabled":true,"amp_enabled":true,"_links":{"self":[{"href":"https:\/\/encuentroinformativo.com.mx\/index.php?rest_route=\/wp\/v2\/posts\/27283","targetHints":{"allow":["GET"]}}],"collection":[{"href":"https:\/\/encuentroinformativo.com.mx\/index.php?rest_route=\/wp\/v2\/posts"}],"about":[{"href":"https:\/\/encuentroinformativo.com.mx\/index.php?rest_route=\/wp\/v2\/types\/post"}],"author":[{"embeddable":true,"href":"https:\/\/encuentroinformativo.com.mx\/index.php?rest_route=\/wp\/v2\/users\/1"}],"replies":[{"embeddable":true,"href":"https:\/\/encuentroinformativo.com.mx\/index.php?rest_route=%2Fwp%2Fv2%2Fcomments&post=27283"}],"version-history":[{"count":1,"href":"https:\/\/encuentroinformativo.com.mx\/index.php?rest_route=\/wp\/v2\/posts\/27283\/revisions"}],"predecessor-version":[{"id":27285,"href":"https:\/\/encuentroinformativo.com.mx\/index.php?rest_route=\/wp\/v2\/posts\/27283\/revisions\/27285"}],"wp:featuredmedia":[{"embeddable":true,"href":"https:\/\/encuentroinformativo.com.mx\/index.php?rest_route=\/wp\/v2\/media\/27284"}],"wp:attachment":[{"href":"https:\/\/encuentroinformativo.com.mx\/index.php?rest_route=%2Fwp%2Fv2%2Fmedia&parent=27283"}],"wp:term":[{"taxonomy":"category","embeddable":true,"href":"https:\/\/encuentroinformativo.com.mx\/index.php?rest_route=%2Fwp%2Fv2%2Fcategories&post=27283"},{"taxonomy":"post_tag","embeddable":true,"href":"https:\/\/encuentroinformativo.com.mx\/index.php?rest_route=%2Fwp%2Fv2%2Ftags&post=27283"}],"curies":[{"name":"wp","href":"https:\/\/api.w.org\/{rel}","templated":true}]}}