{"id":27286,"date":"2022-05-17T12:11:15","date_gmt":"2022-05-17T17:11:15","guid":{"rendered":"https:\/\/encuentroinformativo.com.mx\/?p=27286"},"modified":"2022-05-17T12:11:18","modified_gmt":"2022-05-17T17:11:18","slug":"crimenes-de-odio-siguen-a-la-alza-senala-coalicion-lgbtttiq","status":"publish","type":"post","link":"https:\/\/encuentroinformativo.com.mx\/?p=27286","title":{"rendered":"Cr\u00edmenes de odio siguen a la alza, se\u00f1ala coalici\u00f3n LGBTTTIQ"},"content":{"rendered":"\n<p><strong>Dar\u00edo Pale <\/strong><\/p>\n\n\n\n<p>Xalapa, Ver.- Es muy lamentable que los cr\u00edmenes de odio vayan a la alza en Veracruz en lugar de disminuir, pero muchas familias invisibilizan problem\u00e1tica por gran impunidad, no quieren exponer su dolor, as\u00ed lo dio a conocer el presidente de la Coalici\u00f3n Estatal LGBTTTIQ, Benjam\u00edn Callejas Hern\u00e1ndez.<\/p>\n\n\n\n<p>En entrevista durante la conmemoraci\u00f3n del D\u00eda Internacional contra la homofobia, lesbofobia, transfobia y bifobia, \u00a0se\u00f1al\u00f3 que los cr\u00edmenes de odio lejos de disminuir han ido incrementando en la entidad, ya que de 2013 a la fecha existen, 270 casos sin resolver.<\/p>\n\n\n\n<p>Dio a conocer que de enero a la fecha se han registrado 17 cr\u00edmenes de este tipo, pero lamentablemente las familias han tomado la decisi\u00f3n de no visibilizar el tema precisamente por la percepci\u00f3n de impunidad que hay en la impartici\u00f3n de justicia.<\/p>\n\n\n\n<p>Expuso que dicha cifra representa un incremento con relaci\u00f3n al a\u00f1o pasado en el mismo periodo.<\/p>\n\n\n\n<p>Detall\u00f3 que esos cr\u00edmenes de enero a mayo se han dado principalmente en el sur de Veracruz, en municipios como Coatzacoalcos, Minatitl\u00e1n, Acayucan, Cosoleacaque, as\u00ed como en el norte, en Poza Rica, Papantla, Tuxpan.<\/p>\n\n\n\n<p>Recientemente, dijo, se registr\u00f3 el crimen de un compa\u00f1ero de ellos en Xalapa, hace dos semanas. La v\u00edctima no era trabajador sexual, lo que saben es que habr\u00eda tenido una cita en un motel, pero al otro d\u00eda amaneci\u00f3 muerto.<\/p>\n\n\n\n<p>\u201cAh\u00ed nos damos cuenta que el odio est\u00e1 entre la sociedad y muchas veces persiguen hacerle da\u00f1o a algo que no est\u00e1 en su normalidad. Se ha invisibilizado por las familias, no quieren exponer su dolor&#8221;, se\u00f1al\u00f3.<\/p>\n\n\n\n<p>Asimismo, lament\u00f3 que de los 270 cr\u00edmenes contra la comunicaci\u00f3n LGBTTTIQ que han ocurrido de 2013 a la fecha, \u00fanicamente en cuatro hay detenidos, sin embargo, eso no quiere decir que los presuntos implicados hayan sido quienes cometieron esos delitos.<\/p>\n\n\n\n<p>Mencion\u00f3 que han insistido a la Fiscal\u00eda General del Estado (FGE) que no dejen en el olvido esas carpetas, de la misma manera que las familias de las v\u00edctimas.<\/p>\n\n\n\n<p>Agreg\u00f3 que tambi\u00e9n han buscando que se reanuden las mesas interinstitucionales una vez que la pandemia ha descendido, pero no \u00a0han tenido suerte, adem\u00e1s de que hubo un cambio de titular en la Unidad de G\u00e9nero.<\/p>\n\n\n\n<p>Expres\u00f3 que lamentablemente han observado que cuando los cr\u00edmenes se vuelven medi\u00e1ticos es cuando las autoridades resuelven o hacen notar que hay avances significativos en las carpetas de investigaci\u00f3n.<\/p>\n\n\n\n<p>Finalmente dio a conocer que, &#8220;cuando se visibiliza medi\u00e1ticamente est\u00e1 situaci\u00f3n es cuando de alguna manera empieza a trabajar la Fiscal\u00eda y aparecen implicados, vinculados a proceso, pero que no se ha determinado que hayan sido los culpables&#8221;.<\/p>\n","protected":false},"excerpt":{"rendered":"<p>Dar\u00edo Pale Xalapa, Ver.- Es muy lamentable que los cr\u00edmenes de odio vayan a la alza en Veracruz en lugar de disminuir, pero muchas familias invisibilizan problem\u00e1tica por gran impunidad, no quieren exponer su dolor, as\u00ed lo dio a conocer el presidente de la Coalici\u00f3n Estatal LGBTTTIQ, Benjam\u00edn Callejas Hern\u00e1ndez. En entrevista durante la conmemoraci\u00f3n [&hellip;]<\/p>\n","protected":false},"author":1,"featured_media":27287,"comment_status":"open","ping_status":"open","sticky":false,"template":"","format":"standard","meta":{"_jetpack_memberships_contains_paid_content":false,"footnotes":""},"categories":[3],"tags":[],"class_list":["post-27286","post","type-post","status-publish","format-standard","has-post-thumbnail","hentry","category-xalapa"],"jetpack_featured_media_url":"https:\/\/encuentroinformativo.com.mx\/wp-content\/uploads\/2022\/05\/8B4B5293-A0C6-4456-9351-383AA5DEE046.jpeg","jetpack_sharing_enabled":true,"jetpack_likes_enabled":true,"amp_enabled":true,"_links":{"self":[{"href":"https:\/\/encuentroinformativo.com.mx\/index.php?rest_route=\/wp\/v2\/posts\/27286","targetHints":{"allow":["GET"]}}],"collection":[{"href":"https:\/\/encuentroinformativo.com.mx\/index.php?rest_route=\/wp\/v2\/posts"}],"about":[{"href":"https:\/\/encuentroinformativo.com.mx\/index.php?rest_route=\/wp\/v2\/types\/post"}],"author":[{"embeddable":true,"href":"https:\/\/encuentroinformativo.com.mx\/index.php?rest_route=\/wp\/v2\/users\/1"}],"replies":[{"embeddable":true,"href":"https:\/\/encuentroinformativo.com.mx\/index.php?rest_route=%2Fwp%2Fv2%2Fcomments&post=27286"}],"version-history":[{"count":1,"href":"https:\/\/encuentroinformativo.com.mx\/index.php?rest_route=\/wp\/v2\/posts\/27286\/revisions"}],"predecessor-version":[{"id":27288,"href":"https:\/\/encuentroinformativo.com.mx\/index.php?rest_route=\/wp\/v2\/posts\/27286\/revisions\/27288"}],"wp:featuredmedia":[{"embeddable":true,"href":"https:\/\/encuentroinformativo.com.mx\/index.php?rest_route=\/wp\/v2\/media\/27287"}],"wp:attachment":[{"href":"https:\/\/encuentroinformativo.com.mx\/index.php?rest_route=%2Fwp%2Fv2%2Fmedia&parent=27286"}],"wp:term":[{"taxonomy":"category","embeddable":true,"href":"https:\/\/encuentroinformativo.com.mx\/index.php?rest_route=%2Fwp%2Fv2%2Fcategories&post=27286"},{"taxonomy":"post_tag","embeddable":true,"href":"https:\/\/encuentroinformativo.com.mx\/index.php?rest_route=%2Fwp%2Fv2%2Ftags&post=27286"}],"curies":[{"name":"wp","href":"https:\/\/api.w.org\/{rel}","templated":true}]}}