{"id":27289,"date":"2022-05-17T12:33:05","date_gmt":"2022-05-17T17:33:05","guid":{"rendered":"https:\/\/encuentroinformativo.com.mx\/?p=27289"},"modified":"2022-05-17T12:33:08","modified_gmt":"2022-05-17T17:33:08","slug":"aplican-vacuna-simbolica-contra-homofobia","status":"publish","type":"post","link":"https:\/\/encuentroinformativo.com.mx\/?p=27289","title":{"rendered":"Aplican vacuna simb\u00f3lica contra homofobia"},"content":{"rendered":"\n<p><strong>Juan Arcos <\/strong><\/p>\n\n\n\n<p>Xalapa, Ver.- Integrantes de la comunidad de la diversidad sexual aplicaron una vacuna simb\u00f3lica contra la homofobia en Plaza Sebasti\u00e1n Lerdo de Tejada, como parte de las actividades por el D\u00eda Internacional contra la Homofobia, este 17 de mayo.<\/p>\n\n\n\n<p>De acuerdo con Jocelyn Paulina Rodr\u00edguez Rodr\u00edguez, coordinadora estatal de Casa de Mu\u00f1ecas Tiresias (CAMTAC) en Veracruz, con estas acciones se busca concientizar a la poblaci\u00f3n para combatir la discriminaci\u00f3n y la violencia contra la comunidad L\u00e9sbico, Gay, Bisexual y Transexual (LGBT).<\/p>\n\n\n\n<p>Los defensores de los derechos de la diversidad sexual entregaron a la gente un pin y una cartilla de vacunaci\u00f3n con informaci\u00f3n que ayudar\u00eda a evitar la discriminaci\u00f3n.<\/p>\n\n\n\n<p>\u201cSe puede decir que la vacunaci\u00f3n es simb\u00f3lica, por medio de un pin y unas cosas que vamos a entregar. La vacunaci\u00f3n es informaci\u00f3n y aplicaremos unos pines, es para concientizar a toda la poblaci\u00f3n a unirse y sumarse a una causa y no por nosotras, sino por las generaciones que vienen atr\u00e1s de nosotros\u201d, expres\u00f3.<\/p>\n\n\n\n<p>La entrevistada destac\u00f3 que es indispensable el papel de las instituciones en las campa\u00f1as informativas para evitar la violencia contra la poblaci\u00f3n diversa.<\/p>\n\n\n\n<p>\u201cEllos son los que deben de empezar a concientizar a las personas, empezando por todos los servidores p\u00fablicos para apoyar a toda la gente\u201d, a\u00f1adi\u00f3.<\/p>\n\n\n\n<p>Jocelyn Rodr\u00edguez lament\u00f3 que contin\u00faen en aumento los cr\u00edmenes de odio por homofobia y transfobia en el estado de Veracruz.<\/p>\n\n\n\n<p>Y es que en el estado de Veracruz se contabilizan 17 cr\u00edmenes de odio por homofobia en lo que va del a\u00f1o, situaci\u00f3n que lo coloca en el segundo lugar nacional.<\/p>\n\n\n\n<p>\u201cY no solo los cr\u00edmenes por homofobia, todo lo que ha pasado con las chicas (feminicidios), yo creo que eso debe de cambiar y est\u00e1 en las autoridades y en nosotros cambiar todo eso\u201d, a\u00f1adi\u00f3.<\/p>\n\n\n\n<p>Frente a Palacio de Gobierno tambi\u00e9n se llev\u00f3 a cabo un conversatorio con la participaci\u00f3n de Yeralding S\u00e1nchez Morales, titular de la Unidad para la Igualdad de G\u00e9nero de la Comisi\u00f3n Estatal de Derechos Humanos (CEDH); Carmen Patricia M\u00e9ndez Hern\u00e1ndez, jefa de la Unidad de G\u00e9nero de la Secretar\u00eda de Protecci\u00f3n Civil (PC); y otras autoridades.<\/p>\n","protected":false},"excerpt":{"rendered":"<p>Juan Arcos Xalapa, Ver.- Integrantes de la comunidad de la diversidad sexual aplicaron una vacuna simb\u00f3lica contra la homofobia en Plaza Sebasti\u00e1n Lerdo de Tejada, como parte de las actividades por el D\u00eda Internacional contra la Homofobia, este 17 de mayo. De acuerdo con Jocelyn Paulina Rodr\u00edguez Rodr\u00edguez, coordinadora estatal de Casa de Mu\u00f1ecas Tiresias [&hellip;]<\/p>\n","protected":false},"author":1,"featured_media":27290,"comment_status":"open","ping_status":"open","sticky":false,"template":"","format":"standard","meta":{"_jetpack_memberships_contains_paid_content":false,"footnotes":""},"categories":[3],"tags":[],"class_list":["post-27289","post","type-post","status-publish","format-standard","has-post-thumbnail","hentry","category-xalapa"],"jetpack_featured_media_url":"https:\/\/encuentroinformativo.com.mx\/wp-content\/uploads\/2022\/05\/D651F7E4-7C61-4D16-AA80-488E6FDFF855.jpeg","jetpack_sharing_enabled":true,"jetpack_likes_enabled":true,"amp_enabled":true,"_links":{"self":[{"href":"https:\/\/encuentroinformativo.com.mx\/index.php?rest_route=\/wp\/v2\/posts\/27289","targetHints":{"allow":["GET"]}}],"collection":[{"href":"https:\/\/encuentroinformativo.com.mx\/index.php?rest_route=\/wp\/v2\/posts"}],"about":[{"href":"https:\/\/encuentroinformativo.com.mx\/index.php?rest_route=\/wp\/v2\/types\/post"}],"author":[{"embeddable":true,"href":"https:\/\/encuentroinformativo.com.mx\/index.php?rest_route=\/wp\/v2\/users\/1"}],"replies":[{"embeddable":true,"href":"https:\/\/encuentroinformativo.com.mx\/index.php?rest_route=%2Fwp%2Fv2%2Fcomments&post=27289"}],"version-history":[{"count":1,"href":"https:\/\/encuentroinformativo.com.mx\/index.php?rest_route=\/wp\/v2\/posts\/27289\/revisions"}],"predecessor-version":[{"id":27291,"href":"https:\/\/encuentroinformativo.com.mx\/index.php?rest_route=\/wp\/v2\/posts\/27289\/revisions\/27291"}],"wp:featuredmedia":[{"embeddable":true,"href":"https:\/\/encuentroinformativo.com.mx\/index.php?rest_route=\/wp\/v2\/media\/27290"}],"wp:attachment":[{"href":"https:\/\/encuentroinformativo.com.mx\/index.php?rest_route=%2Fwp%2Fv2%2Fmedia&parent=27289"}],"wp:term":[{"taxonomy":"category","embeddable":true,"href":"https:\/\/encuentroinformativo.com.mx\/index.php?rest_route=%2Fwp%2Fv2%2Fcategories&post=27289"},{"taxonomy":"post_tag","embeddable":true,"href":"https:\/\/encuentroinformativo.com.mx\/index.php?rest_route=%2Fwp%2Fv2%2Ftags&post=27289"}],"curies":[{"name":"wp","href":"https:\/\/api.w.org\/{rel}","templated":true}]}}