{"id":2729,"date":"2020-05-21T17:29:30","date_gmt":"2020-05-21T22:29:30","guid":{"rendered":"https:\/\/encuentroinformativo.com\/?p=2729"},"modified":"2020-05-21T17:29:32","modified_gmt":"2020-05-21T22:29:32","slug":"conforman-abogados-colectivo-justicia-covid","status":"publish","type":"post","link":"https:\/\/encuentroinformativo.com.mx\/?p=2729","title":{"rendered":"Conforman abogados colectivo Justicia-Covid"},"content":{"rendered":"\n<p><strong>Juan Arcos<\/strong><\/p>\n\n\n\n<p>Xalapa, Ver.- Abogadas y abogados promueven amparos en las 32 entidades federativas para la defensa de los derechos humanos de grupos vulnerables en esta contingencia sanitaria por COVID-19.<\/p>\n\n\n\n<p>Se busca que sean otorgadas las medidas de seguridad y protecci\u00f3n que permitan a las personas no poner en riesgo su vida e integridad.<\/p>\n\n\n\n<p>Por ello, los litigantes de todo el pa\u00eds conformaron el colectivo denominado \u201cJusticia Covid\u201d.<\/p>\n\n\n\n<p>Lo anterior, con la finalidad de ofrecer asesor\u00eda legal gratuita a todas las personas vulnerables o en riesgo durante la emergencia sanitaria.<\/p>\n\n\n\n<p>Se pretende apoyar a profesionales de la salud, personas con enfermedades cr\u00f3nico-degenerativas, de la tercera edad o las que est\u00e1n privadas de su libertad.<\/p>\n\n\n\n<p>Durante la contingencia sanitaria, el colectivo se ha percatado de que principalmente el personal del sector salud est\u00e1 propenso a que se violen sus derechos, al no contar con el equipo de calidad necesario para atender a los pacientes con COVID-19.<\/p>\n\n\n\n<p>Adem\u00e1s, a algunos de ellos se les obliga a seguir laborando en los hospitales, a pesar de que padecen enfermedades que los ponen en un mayor riesgo de contagio.<\/p>\n\n\n\n<p>\u201cJusticia Covid tambi\u00e9n otorga asesor\u00eda a: mujeres embarazadas, pueblos ind\u00edgenas, migrantes, personas en extrema pobreza; ni\u00f1as, ni\u00f1os y adolescentes; personas en situaci\u00f3n de calle, periodistas, medios de comunicaci\u00f3n, MiPyMEs, entre otros grupos\u201d, se lee en un comunicado.<\/p>\n\n\n\n<p>Cabe destacar que Justicia Covid no es una asociaci\u00f3n. El colectivo es ajeno a cualquier inter\u00e9s partidista o pol\u00edtico y tiene como \u00fanico objetivo unificar la colaboraci\u00f3n, esfuerzos y actividades de los despachos que han realizado y est\u00e1n promoviendo aportaciones jur\u00eddicas relacionadas con el tema del COVID-19.<br><\/p>\n","protected":false},"excerpt":{"rendered":"<p>Juan Arcos Xalapa, Ver.- Abogadas y abogados promueven amparos en las 32 entidades federativas para la defensa de los derechos humanos de grupos vulnerables en esta contingencia sanitaria por COVID-19. Se busca que sean otorgadas las medidas de seguridad y protecci\u00f3n que permitan a las personas no poner en riesgo su vida e integridad. Por [&hellip;]<\/p>\n","protected":false},"author":1,"featured_media":2730,"comment_status":"open","ping_status":"open","sticky":false,"template":"","format":"standard","meta":{"_jetpack_memberships_contains_paid_content":false,"footnotes":""},"categories":[3],"tags":[],"class_list":["post-2729","post","type-post","status-publish","format-standard","has-post-thumbnail","hentry","category-xalapa"],"jetpack_featured_media_url":"https:\/\/encuentroinformativo.com.mx\/wp-content\/uploads\/2020\/05\/273AD56F-4D54-463C-8B0A-1C102289B80F.jpeg","jetpack_sharing_enabled":true,"jetpack_likes_enabled":true,"amp_enabled":true,"_links":{"self":[{"href":"https:\/\/encuentroinformativo.com.mx\/index.php?rest_route=\/wp\/v2\/posts\/2729","targetHints":{"allow":["GET"]}}],"collection":[{"href":"https:\/\/encuentroinformativo.com.mx\/index.php?rest_route=\/wp\/v2\/posts"}],"about":[{"href":"https:\/\/encuentroinformativo.com.mx\/index.php?rest_route=\/wp\/v2\/types\/post"}],"author":[{"embeddable":true,"href":"https:\/\/encuentroinformativo.com.mx\/index.php?rest_route=\/wp\/v2\/users\/1"}],"replies":[{"embeddable":true,"href":"https:\/\/encuentroinformativo.com.mx\/index.php?rest_route=%2Fwp%2Fv2%2Fcomments&post=2729"}],"version-history":[{"count":1,"href":"https:\/\/encuentroinformativo.com.mx\/index.php?rest_route=\/wp\/v2\/posts\/2729\/revisions"}],"predecessor-version":[{"id":2731,"href":"https:\/\/encuentroinformativo.com.mx\/index.php?rest_route=\/wp\/v2\/posts\/2729\/revisions\/2731"}],"wp:featuredmedia":[{"embeddable":true,"href":"https:\/\/encuentroinformativo.com.mx\/index.php?rest_route=\/wp\/v2\/media\/2730"}],"wp:attachment":[{"href":"https:\/\/encuentroinformativo.com.mx\/index.php?rest_route=%2Fwp%2Fv2%2Fmedia&parent=2729"}],"wp:term":[{"taxonomy":"category","embeddable":true,"href":"https:\/\/encuentroinformativo.com.mx\/index.php?rest_route=%2Fwp%2Fv2%2Fcategories&post=2729"},{"taxonomy":"post_tag","embeddable":true,"href":"https:\/\/encuentroinformativo.com.mx\/index.php?rest_route=%2Fwp%2Fv2%2Ftags&post=2729"}],"curies":[{"name":"wp","href":"https:\/\/api.w.org\/{rel}","templated":true}]}}