{"id":27298,"date":"2022-05-17T14:25:23","date_gmt":"2022-05-17T19:25:23","guid":{"rendered":"https:\/\/encuentroinformativo.com.mx\/?p=27298"},"modified":"2022-05-17T14:25:26","modified_gmt":"2022-05-17T19:25:26","slug":"sin-permiso-para-talar-arboles-y-construir-centro-comercial-ambientalistas","status":"publish","type":"post","link":"https:\/\/encuentroinformativo.com.mx\/?p=27298","title":{"rendered":"Sin permiso para talar \u00e1rboles y construir centro comercial: Ambientalistas"},"content":{"rendered":"\n<p><strong>Juan Arcos <\/strong><\/p>\n\n\n\n<p>Xalapa, Ver.- La protesta social contra la construcci\u00f3n del centro comercial Imperial Las \u00c1nimas contribuy\u00f3 a que la Procuradur\u00eda Federal de Protecci\u00f3n al Ambiente (Profepa) clausurara de manera formal las maniobras sobre el bulevar Europa, en la zona sur de esta ciudad de Xalapa.<\/p>\n\n\n\n<p>De acuerdo con Rafael Bravo, de la asociaci\u00f3n civil \u201cRegalemos un Paraizoo\u201d, la obra carece de los permisos ambientales correspondientes, adem\u00e1s de que ya han sido talados varios \u00e1rboles y desplazadas diversas especies de fauna.<\/p>\n\n\n\n<p>\u201cQueremos destacar, reiterar, que nosotros como asociaci\u00f3n no estamos en contra del desarrollo y el crecimiento econ\u00f3mico, lo \u00fanico que queremos es que todo se haga conforme a la ley, apegados al marco legal\u201d, expres\u00f3.<\/p>\n\n\n\n<p>Este martes 17 de mayo, los integrantes de esta agrupaci\u00f3n se reunieron con el alcalde Ricardo Ahued Bardahuil en Palacio Municipal, para dar seguimiento a la problem\u00e1tica.<\/p>\n\n\n\n<p>All\u00ed les informaron que la constructora carece de autorizaciones para talar \u00e1rboles en la zona del fraccionamiento Monte Magno, misma que es considerada de alta plusval\u00eda en la capital del estado.<\/p>\n\n\n\n<p>\u201cA\u00fan no podemos decir que ya aqu\u00ed termin\u00f3 todo, tenemos que ver cu\u00e1les van a ser las medidas que va a tomar la autoridad municipal y la estatal, cu\u00e1les son los supuestos permisos, cu\u00e1l es el manifiesto de impacto ambiental y el plan de manejo, que comprueben un correcto manejo de la fauna y de la flora\u201d, a\u00f1adi\u00f3.<\/p>\n\n\n\n<p>Rafael Bravo dio a conocer que la constructora no cuentan con autorizaci\u00f3n para el derribo de \u00e1rboles y que su \u00fanico permiso es para la remoci\u00f3n de talud.<\/p>\n\n\n\n<p>\u201cEl da\u00f1o ya est\u00e1 y actuaremos legalmente con los responsables por estas acciones y omisiones, a su vez, exigimos la sanci\u00f3n y compensaci\u00f3n ambiental por esta degradaci\u00f3n y omisi\u00f3n de las leyes\u201d, enfatiz\u00f3.<\/p>\n\n\n\n<p>El pasado s\u00e1bado 14 de mayo, vecinos e integrantes de la asociaci\u00f3n civil &#8220;Regalemos un Paraizoo\u201d clausuraron simb\u00f3licamente la obra mencionada por los da\u00f1os ambientales que \u00e9sta ha ocasionado.<\/p>\n","protected":false},"excerpt":{"rendered":"<p>Juan Arcos Xalapa, Ver.- La protesta social contra la construcci\u00f3n del centro comercial Imperial Las \u00c1nimas contribuy\u00f3 a que la Procuradur\u00eda Federal de Protecci\u00f3n al Ambiente (Profepa) clausurara de manera formal las maniobras sobre el bulevar Europa, en la zona sur de esta ciudad de Xalapa. De acuerdo con Rafael Bravo, de la asociaci\u00f3n civil [&hellip;]<\/p>\n","protected":false},"author":1,"featured_media":27299,"comment_status":"open","ping_status":"open","sticky":false,"template":"","format":"standard","meta":{"_jetpack_memberships_contains_paid_content":false,"footnotes":""},"categories":[3],"tags":[],"class_list":["post-27298","post","type-post","status-publish","format-standard","has-post-thumbnail","hentry","category-xalapa"],"jetpack_featured_media_url":"https:\/\/encuentroinformativo.com.mx\/wp-content\/uploads\/2022\/05\/C83555D3-9A07-4AAE-9987-21837D579718.jpeg","jetpack_sharing_enabled":true,"jetpack_likes_enabled":true,"amp_enabled":true,"_links":{"self":[{"href":"https:\/\/encuentroinformativo.com.mx\/index.php?rest_route=\/wp\/v2\/posts\/27298","targetHints":{"allow":["GET"]}}],"collection":[{"href":"https:\/\/encuentroinformativo.com.mx\/index.php?rest_route=\/wp\/v2\/posts"}],"about":[{"href":"https:\/\/encuentroinformativo.com.mx\/index.php?rest_route=\/wp\/v2\/types\/post"}],"author":[{"embeddable":true,"href":"https:\/\/encuentroinformativo.com.mx\/index.php?rest_route=\/wp\/v2\/users\/1"}],"replies":[{"embeddable":true,"href":"https:\/\/encuentroinformativo.com.mx\/index.php?rest_route=%2Fwp%2Fv2%2Fcomments&post=27298"}],"version-history":[{"count":1,"href":"https:\/\/encuentroinformativo.com.mx\/index.php?rest_route=\/wp\/v2\/posts\/27298\/revisions"}],"predecessor-version":[{"id":27300,"href":"https:\/\/encuentroinformativo.com.mx\/index.php?rest_route=\/wp\/v2\/posts\/27298\/revisions\/27300"}],"wp:featuredmedia":[{"embeddable":true,"href":"https:\/\/encuentroinformativo.com.mx\/index.php?rest_route=\/wp\/v2\/media\/27299"}],"wp:attachment":[{"href":"https:\/\/encuentroinformativo.com.mx\/index.php?rest_route=%2Fwp%2Fv2%2Fmedia&parent=27298"}],"wp:term":[{"taxonomy":"category","embeddable":true,"href":"https:\/\/encuentroinformativo.com.mx\/index.php?rest_route=%2Fwp%2Fv2%2Fcategories&post=27298"},{"taxonomy":"post_tag","embeddable":true,"href":"https:\/\/encuentroinformativo.com.mx\/index.php?rest_route=%2Fwp%2Fv2%2Ftags&post=27298"}],"curies":[{"name":"wp","href":"https:\/\/api.w.org\/{rel}","templated":true}]}}