{"id":27309,"date":"2022-05-17T14:51:19","date_gmt":"2022-05-17T19:51:19","guid":{"rendered":"https:\/\/encuentroinformativo.com.mx\/?p=27309"},"modified":"2022-05-17T14:51:23","modified_gmt":"2022-05-17T19:51:23","slug":"pma-liquidara-y-recontratara-a-empleados-de-acuario-de-veracruz","status":"publish","type":"post","link":"https:\/\/encuentroinformativo.com.mx\/?p=27309","title":{"rendered":"PMA liquidar\u00e1 y recontratar\u00e1 a empleados de Acuario de Veracruz"},"content":{"rendered":"\n<p><strong>Alejandro \u00c1vila<\/strong><\/p>\n\n\n\n<p>Veracruz, Ver.- El Procurador de Medio Ambiente, Sergio Rodr\u00edguez Cort\u00e9s asegur\u00f3 que, los actuales empleados del Acuario de Veracruz ser\u00e1n liquidados conforme a la ley y posteriormente, invitados a ser recontratados para trabajar en la administraci\u00f3n del nuevo Aquarium del Puerto de Veracruz.<\/p>\n\n\n\n<p>El funcionario Estatal destac\u00f3 que, en un m\u00e1ximo de 48 horas, el ahora, Aquarium del Puerto de Veracruz, ser\u00e1 abierta nuevamente al p\u00fablico.<\/p>\n\n\n\n<p>Destac\u00f3 que, la dependencia a su cargo (PMA), cuenta con los fondos necesarios para liquidar a los actuales empleados y posteriormente, iniciar el proceso administrativo de recontrataci\u00f3n; d\u00f3nde estar\u00e1 apoyados por la Contralor\u00eda General del Estado y la Secretar\u00eda de Medio Ambiente.<\/p>\n\n\n\n<p>\u201cTenemos finanzas sanas (PMA) y con ello podemos garantizar resolver de manera inmediata a los trabajadores, una vez liquidados, entonces vamos a restablecer una relaci\u00f3n laboral del Gobierno del Estado a trav\u00e9s de la Procuradur\u00eda con todos los trabajadores del Acuario de Veracruz que as\u00ed lo deseen\u201d.<\/p>\n\n\n\n<p>Son poco m\u00e1s de 100 los empleados administrativos y operativos en el Acuario de Veracruz, mismos a los que se les asegur\u00f3, continuar\u00e1n laborando dentro del recinto tur\u00edstico, pues \u00fanicamente, se aclar\u00f3, se har\u00e1n cambios en la c\u00fapula administrativa.<\/p>\n\n\n\n<p>\u201cSer\u00e1n liquidados conforme a derecho, reconocidas sus prestaciones, reconocidos sus a\u00f1os de antig\u00fcedad, lo resolveremos de manera inmediata con un fondo emergente disponible de la Procuradur\u00eda Estatal de Protecci\u00f3n al Medio Ambiente, porque ya es nuestra responsabilidad e invitaremos a todos a trabajar de manera normal\u201d.<\/p>\n\n\n\n<p>Para finalizar dijo que, durante las \u00faltimas horas se ha tenido una buena relaci\u00f3n con el ex presidente del Fideicomiso, Jaime Rivera Mantec\u00f3n, qui\u00e9n le asegur\u00f3 dar\u00e1 todas las facilidades para realizar la entrega &#8211; recepci\u00f3n.<\/p>\n","protected":false},"excerpt":{"rendered":"<p>Alejandro \u00c1vila Veracruz, Ver.- El Procurador de Medio Ambiente, Sergio Rodr\u00edguez Cort\u00e9s asegur\u00f3 que, los actuales empleados del Acuario de Veracruz ser\u00e1n liquidados conforme a la ley y posteriormente, invitados a ser recontratados para trabajar en la administraci\u00f3n del nuevo Aquarium del Puerto de Veracruz. El funcionario Estatal destac\u00f3 que, en un m\u00e1ximo de 48 [&hellip;]<\/p>\n","protected":false},"author":1,"featured_media":27310,"comment_status":"open","ping_status":"open","sticky":false,"template":"","format":"standard","meta":{"_jetpack_memberships_contains_paid_content":false,"footnotes":""},"categories":[2],"tags":[],"class_list":["post-27309","post","type-post","status-publish","format-standard","has-post-thumbnail","hentry","category-estado"],"jetpack_featured_media_url":"https:\/\/encuentroinformativo.com.mx\/wp-content\/uploads\/2022\/05\/92D194B9-6CD5-4D30-996E-66C0B6D151B5.jpeg","jetpack_sharing_enabled":true,"jetpack_likes_enabled":true,"amp_enabled":true,"_links":{"self":[{"href":"https:\/\/encuentroinformativo.com.mx\/index.php?rest_route=\/wp\/v2\/posts\/27309","targetHints":{"allow":["GET"]}}],"collection":[{"href":"https:\/\/encuentroinformativo.com.mx\/index.php?rest_route=\/wp\/v2\/posts"}],"about":[{"href":"https:\/\/encuentroinformativo.com.mx\/index.php?rest_route=\/wp\/v2\/types\/post"}],"author":[{"embeddable":true,"href":"https:\/\/encuentroinformativo.com.mx\/index.php?rest_route=\/wp\/v2\/users\/1"}],"replies":[{"embeddable":true,"href":"https:\/\/encuentroinformativo.com.mx\/index.php?rest_route=%2Fwp%2Fv2%2Fcomments&post=27309"}],"version-history":[{"count":1,"href":"https:\/\/encuentroinformativo.com.mx\/index.php?rest_route=\/wp\/v2\/posts\/27309\/revisions"}],"predecessor-version":[{"id":27311,"href":"https:\/\/encuentroinformativo.com.mx\/index.php?rest_route=\/wp\/v2\/posts\/27309\/revisions\/27311"}],"wp:featuredmedia":[{"embeddable":true,"href":"https:\/\/encuentroinformativo.com.mx\/index.php?rest_route=\/wp\/v2\/media\/27310"}],"wp:attachment":[{"href":"https:\/\/encuentroinformativo.com.mx\/index.php?rest_route=%2Fwp%2Fv2%2Fmedia&parent=27309"}],"wp:term":[{"taxonomy":"category","embeddable":true,"href":"https:\/\/encuentroinformativo.com.mx\/index.php?rest_route=%2Fwp%2Fv2%2Fcategories&post=27309"},{"taxonomy":"post_tag","embeddable":true,"href":"https:\/\/encuentroinformativo.com.mx\/index.php?rest_route=%2Fwp%2Fv2%2Ftags&post=27309"}],"curies":[{"name":"wp","href":"https:\/\/api.w.org\/{rel}","templated":true}]}}