{"id":27317,"date":"2022-05-17T15:01:53","date_gmt":"2022-05-17T20:01:53","guid":{"rendered":"https:\/\/encuentroinformativo.com.mx\/?p=27317"},"modified":"2022-05-17T15:01:56","modified_gmt":"2022-05-17T20:01:56","slug":"autorizan-fondo-de-beneficios-para-magisterio","status":"publish","type":"post","link":"https:\/\/encuentroinformativo.com.mx\/?p=27317","title":{"rendered":"Autorizan Fondo de Beneficios para Magisterio"},"content":{"rendered":"\n<p>Xalapa, Ver.- El gobernador Cuitl\u00e1huac Garc\u00eda Jim\u00e9nez y Francisco Enrique P\u00e9rez Carre\u00f3n, director-gerente del Seguro Social de los Trabajadores de la Educaci\u00f3n del Estado de Veracruz, firmaron el acta de consejo que autoriza el pago de 50 millones de pesos del Fondo de Beneficios Complementarios al magisterio veracruzano.<\/p>\n","protected":false},"excerpt":{"rendered":"<p>Xalapa, Ver.- El gobernador Cuitl\u00e1huac Garc\u00eda Jim\u00e9nez y Francisco Enrique P\u00e9rez Carre\u00f3n, director-gerente del Seguro Social de los Trabajadores de la Educaci\u00f3n del Estado de Veracruz, firmaron el acta de consejo que autoriza el pago de 50 millones de pesos del Fondo de Beneficios Complementarios al magisterio veracruzano.<\/p>\n","protected":false},"author":1,"featured_media":27318,"comment_status":"open","ping_status":"open","sticky":false,"template":"","format":"standard","meta":{"_jetpack_memberships_contains_paid_content":false,"footnotes":""},"categories":[2],"tags":[],"class_list":["post-27317","post","type-post","status-publish","format-standard","has-post-thumbnail","hentry","category-estado"],"jetpack_featured_media_url":"https:\/\/encuentroinformativo.com.mx\/wp-content\/uploads\/2022\/05\/E78B1974-C3F5-4647-B7FA-DACD9EF6EABE.jpeg","jetpack_sharing_enabled":true,"jetpack_likes_enabled":true,"amp_enabled":true,"_links":{"self":[{"href":"https:\/\/encuentroinformativo.com.mx\/index.php?rest_route=\/wp\/v2\/posts\/27317","targetHints":{"allow":["GET"]}}],"collection":[{"href":"https:\/\/encuentroinformativo.com.mx\/index.php?rest_route=\/wp\/v2\/posts"}],"about":[{"href":"https:\/\/encuentroinformativo.com.mx\/index.php?rest_route=\/wp\/v2\/types\/post"}],"author":[{"embeddable":true,"href":"https:\/\/encuentroinformativo.com.mx\/index.php?rest_route=\/wp\/v2\/users\/1"}],"replies":[{"embeddable":true,"href":"https:\/\/encuentroinformativo.com.mx\/index.php?rest_route=%2Fwp%2Fv2%2Fcomments&post=27317"}],"version-history":[{"count":1,"href":"https:\/\/encuentroinformativo.com.mx\/index.php?rest_route=\/wp\/v2\/posts\/27317\/revisions"}],"predecessor-version":[{"id":27319,"href":"https:\/\/encuentroinformativo.com.mx\/index.php?rest_route=\/wp\/v2\/posts\/27317\/revisions\/27319"}],"wp:featuredmedia":[{"embeddable":true,"href":"https:\/\/encuentroinformativo.com.mx\/index.php?rest_route=\/wp\/v2\/media\/27318"}],"wp:attachment":[{"href":"https:\/\/encuentroinformativo.com.mx\/index.php?rest_route=%2Fwp%2Fv2%2Fmedia&parent=27317"}],"wp:term":[{"taxonomy":"category","embeddable":true,"href":"https:\/\/encuentroinformativo.com.mx\/index.php?rest_route=%2Fwp%2Fv2%2Fcategories&post=27317"},{"taxonomy":"post_tag","embeddable":true,"href":"https:\/\/encuentroinformativo.com.mx\/index.php?rest_route=%2Fwp%2Fv2%2Ftags&post=27317"}],"curies":[{"name":"wp","href":"https:\/\/api.w.org\/{rel}","templated":true}]}}