{"id":27326,"date":"2022-05-17T16:38:17","date_gmt":"2022-05-17T21:38:17","guid":{"rendered":"https:\/\/encuentroinformativo.com.mx\/?p=27326"},"modified":"2022-05-17T16:38:20","modified_gmt":"2022-05-17T21:38:20","slug":"impulsa-diputado-fomento-de-la-educacion-vial-en-ninez-veracruzana","status":"publish","type":"post","link":"https:\/\/encuentroinformativo.com.mx\/?p=27326","title":{"rendered":"Impulsa Diputado fomento de la educaci\u00f3n vial en ni\u00f1ez veracruzana"},"content":{"rendered":"\n<p><strong>*En el segundo d\u00eda de la Semana de la Movilidad y la Seguridad Vial, autoridades y visitantes recorrieron diferentes m\u00f3dulos donde recibieron informaci\u00f3n especializada.<\/strong><\/p>\n\n\n\n<p>Xalapa, Ver.- Proporcionar las herramientas b\u00e1sicas para fomentar la educaci\u00f3n vial en la ni\u00f1ez y juventud veracruzana es uno de los objetivos que la Comisi\u00f3n Permanente de Transporte, Tr\u00e1nsito y Vialidad de la LXVI Legislatura plantea en la Semana de la Movilidad y la Seguridad Vial, afirm\u00f3 el presidente de esta Comisi\u00f3n Permanente, diputado Juan Enrique Santos Mendoza, en el segundo d\u00eda de actividades.<\/p>\n\n\n\n<p>El legislador se\u00f1al\u00f3 que un gran n\u00famero de accidentes de tr\u00e1nsito ocurren por imprudencia, descuido o desconocimiento de las normas de vialidad, por lo que consider\u00f3 indispensable iniciar los foros y talleres de educaci\u00f3n vial dirigidos a ni\u00f1as, ni\u00f1os y j\u00f3venes.<\/p>\n\n\n\n<p>\u201cLas personas que reciben educaci\u00f3n vial no solo tendr\u00e1n menos posibilidades de sufrir alg\u00fan tipo de accidente, sino que adem\u00e1s ser\u00e1n peatones, ciclistas, conductores o pasajeros conscientes, respetuosos y precavidos\u201d, puntualiz\u00f3.<\/p>\n\n\n\n<p>Adem\u00e1s de proporcionar informaci\u00f3n en materia de se\u00f1alizaci\u00f3n y normas de tr\u00e1nsito \u2013continu\u00f3 el Diputado- en la educaci\u00f3n vial para ni\u00f1as y ni\u00f1os deben incrementarse los valores como respeto, responsabilidad, tolerancia y empat\u00eda, \u201cdebe fortalecerse la cultura de prevenci\u00f3n, pues \u00e9sta inicia por la ense\u00f1anza de conocimientos y acciones que se consolidan en h\u00e1bitos\u201d.<\/p>\n\n\n\n<p>Finalmente, indic\u00f3 que la educaci\u00f3n vial para la ni\u00f1ez y la juventud debe ser una pol\u00edtica diaria y no s\u00f3lo de una semana. Asimismo, extendi\u00f3 una invitaci\u00f3n a las y los presentes para difundir la informaci\u00f3n proporcionada por los especialistas, con la finalidad de reducir los \u00edndices de accidentes viales.<\/p>\n\n\n\n<p>\u201cSigamos las reglas de tr\u00e1nsito, usemos el cintur\u00f3n de seguridad, evitemos la ingesta de bebidas alcoh\u00f3licas y el uso del celular al conducir. Todas y todos construyamos vialidades m\u00e1s seguras, accesibles, inclusivas; avancemos en los objetivos del Desarrollo Sostenible de reducir los accidentes\u201d, concluy\u00f3.<\/p>\n\n\n\n<p>Las conferencias ofrecidas estuvieron a cargo del experto de la Direcci\u00f3n General de Tr\u00e1nsito y Vialidad, Jes\u00fas Rica\u00f1o Herrera, con el tema Educaci\u00f3n y Seguridad Vial; la oficial de la Guardia Nacional, Mayra Yanet Ferman Cuevas, con los contenidos de Manejo a la Ofensiva, y el integrante del Consejo Estatal para la Prevenci\u00f3n de Accidentes (Coepra), Francisco J\u00e1come Garc\u00eda, con la ponencia Prevenci\u00f3n de Accidentes de Tr\u00e1nsito.<\/p>\n\n\n\n<p>Tambi\u00e9n asistieron las diputadas Ruth Callejas Rold\u00e1n, Citlali Medell\u00edn Careaga, Itzel Yescas Valdivia, Lourdes Ju\u00e1rez Lara y Gisela L\u00f3pez L\u00f3pez, el legislador Ram\u00f3n D\u00edaz \u00c1vila y el subinspector de la Guardia Nacional, Miguel \u00c1ngel Bernal Vilchis, entre otros.<\/p>\n","protected":false},"excerpt":{"rendered":"<p>*En el segundo d\u00eda de la Semana de la Movilidad y la Seguridad Vial, autoridades y visitantes recorrieron diferentes m\u00f3dulos donde recibieron informaci\u00f3n especializada. Xalapa, Ver.- Proporcionar las herramientas b\u00e1sicas para fomentar la educaci\u00f3n vial en la ni\u00f1ez y juventud veracruzana es uno de los objetivos que la Comisi\u00f3n Permanente de Transporte, Tr\u00e1nsito y Vialidad [&hellip;]<\/p>\n","protected":false},"author":1,"featured_media":27327,"comment_status":"open","ping_status":"open","sticky":false,"template":"","format":"standard","meta":{"_jetpack_memberships_contains_paid_content":false,"footnotes":""},"categories":[2],"tags":[],"class_list":["post-27326","post","type-post","status-publish","format-standard","has-post-thumbnail","hentry","category-estado"],"jetpack_featured_media_url":"https:\/\/encuentroinformativo.com.mx\/wp-content\/uploads\/2022\/05\/887C8C7E-9B90-47A6-885B-D92A7A90EF4E.jpeg","jetpack_sharing_enabled":true,"jetpack_likes_enabled":true,"amp_enabled":true,"_links":{"self":[{"href":"https:\/\/encuentroinformativo.com.mx\/index.php?rest_route=\/wp\/v2\/posts\/27326","targetHints":{"allow":["GET"]}}],"collection":[{"href":"https:\/\/encuentroinformativo.com.mx\/index.php?rest_route=\/wp\/v2\/posts"}],"about":[{"href":"https:\/\/encuentroinformativo.com.mx\/index.php?rest_route=\/wp\/v2\/types\/post"}],"author":[{"embeddable":true,"href":"https:\/\/encuentroinformativo.com.mx\/index.php?rest_route=\/wp\/v2\/users\/1"}],"replies":[{"embeddable":true,"href":"https:\/\/encuentroinformativo.com.mx\/index.php?rest_route=%2Fwp%2Fv2%2Fcomments&post=27326"}],"version-history":[{"count":1,"href":"https:\/\/encuentroinformativo.com.mx\/index.php?rest_route=\/wp\/v2\/posts\/27326\/revisions"}],"predecessor-version":[{"id":27328,"href":"https:\/\/encuentroinformativo.com.mx\/index.php?rest_route=\/wp\/v2\/posts\/27326\/revisions\/27328"}],"wp:featuredmedia":[{"embeddable":true,"href":"https:\/\/encuentroinformativo.com.mx\/index.php?rest_route=\/wp\/v2\/media\/27327"}],"wp:attachment":[{"href":"https:\/\/encuentroinformativo.com.mx\/index.php?rest_route=%2Fwp%2Fv2%2Fmedia&parent=27326"}],"wp:term":[{"taxonomy":"category","embeddable":true,"href":"https:\/\/encuentroinformativo.com.mx\/index.php?rest_route=%2Fwp%2Fv2%2Fcategories&post=27326"},{"taxonomy":"post_tag","embeddable":true,"href":"https:\/\/encuentroinformativo.com.mx\/index.php?rest_route=%2Fwp%2Fv2%2Ftags&post=27326"}],"curies":[{"name":"wp","href":"https:\/\/api.w.org\/{rel}","templated":true}]}}