{"id":27334,"date":"2022-05-17T21:08:42","date_gmt":"2022-05-18T02:08:42","guid":{"rendered":"https:\/\/encuentroinformativo.com.mx\/?p=27334"},"modified":"2022-05-17T21:08:50","modified_gmt":"2022-05-18T02:08:50","slug":"defienden-motociclistas-a-detenido-por-homicidios-de-cosoleacaque","status":"publish","type":"post","link":"https:\/\/encuentroinformativo.com.mx\/?p=27334","title":{"rendered":"Defienden motociclistas a detenido por homicidios de Cosoleacaque"},"content":{"rendered":"\n<p><strong>Juan Arcos<\/strong><\/p>\n\n\n\n<p>Xalapa, Ver.- Motociclistas repartidores protestaron y cerraron el centro de Xalapa para exigir la liberaci\u00f3n de Antonio de Jes\u00fas \u201cN\u201d, acusado como presunto autor material del homicidio de la directora del portal El Veraz, Yessenia Mollinedo Falconi y la reportera Sheila Johana Garc\u00eda Olivera, en el municipio de Cosoleacaque, el pasado 9 de mayo.<\/p>\n\n\n\n<p>Los quejosos indicaron que el se\u00f1alado pudo haber sido confundido con alguna persona que realmente est\u00e9 involucrada en el doble crimen mencionado.<\/p>\n\n\n\n<p>\u201cEs un compa\u00f1ero que est\u00e1 detenido injustificadamente y venimos a pedir que lo liberen, que hagan la averiguaci\u00f3n que tienen que hacer y no nada m\u00e1s agarrar a un presunto culpable\u201d, expresaron los manifestantes, sin identificarse.<\/p>\n\n\n\n<p>Este martes 17 de mayo, la Fiscal\u00eda General del Estado (FGE) inform\u00f3 que fue detenido Antonio de Jes\u00fas \u201cN\u201d, alias \u201cEl Mara\u201d, por el presunto delito de homicidio doloso calificado en agravio de las comunicadoras.<\/p>\n\n\n\n<p>El crimen ocurri\u00f3 en la colonia Cerro Alto de Cosoleacaque, en la zona sur del estado de Veracruz, donde Yessenia y Sheila Johana fueron asesinadas a balazos cuando se encontraban al interior de un veh\u00edculo particular, afuera de una tienda de autoservicio.<\/p>\n\n\n\n<p>Al respecto, los compa\u00f1eros motociclistas del presunto culpable indicaron que los familiares del repartidor cuentan con las evidencias de que el d\u00eda en que ocurri\u00f3 el doble homicidio esta persona se encontraba laborando.<\/p>\n\n\n\n<p>\u201cLo est\u00e1n se\u00f1alando por el doble feminicidio de las dos periodistas, pero el compa\u00f1ero es un repartidor y hay pruebas de que estuvo trabajando ese d\u00eda. Se parece al presunto culpable pero realmente no es\u201d, a\u00f1adieron.<\/p>\n\n\n\n<p>Cabe destacar que los repartidores dijeron desconocer el nombre completo del acusado y el lugar exacto de la detenci\u00f3n.<\/p>\n\n\n\n<p>\u201cLo vimos el 9 de mayo, trabaja con nosotros de repartidor aqu\u00ed en Xalapa y el doble homicidio fue en Cosoleacaque\u201d, se\u00f1alaron an\u00f3nimamente.<\/p>\n\n\n\n<figure class=\"wp-block-image size-large\"><img loading=\"lazy\" decoding=\"async\" width=\"1024\" height=\"768\" src=\"https:\/\/encuentroinformativo.com.mx\/wp-content\/uploads\/2022\/05\/416F86F6-EB21-4EAA-8C70-0629ED66B6BD-1024x768.jpeg\" alt=\"\" class=\"wp-image-27336\" srcset=\"https:\/\/encuentroinformativo.com.mx\/wp-content\/uploads\/2022\/05\/416F86F6-EB21-4EAA-8C70-0629ED66B6BD-1024x768.jpeg 1024w, https:\/\/encuentroinformativo.com.mx\/wp-content\/uploads\/2022\/05\/416F86F6-EB21-4EAA-8C70-0629ED66B6BD-300x225.jpeg 300w, https:\/\/encuentroinformativo.com.mx\/wp-content\/uploads\/2022\/05\/416F86F6-EB21-4EAA-8C70-0629ED66B6BD-768x576.jpeg 768w, https:\/\/encuentroinformativo.com.mx\/wp-content\/uploads\/2022\/05\/416F86F6-EB21-4EAA-8C70-0629ED66B6BD-1536x1152.jpeg 1536w, https:\/\/encuentroinformativo.com.mx\/wp-content\/uploads\/2022\/05\/416F86F6-EB21-4EAA-8C70-0629ED66B6BD.jpeg 2016w\" sizes=\"auto, (max-width: 1024px) 100vw, 1024px\" \/><\/figure>\n","protected":false},"excerpt":{"rendered":"<p>Juan Arcos Xalapa, Ver.- Motociclistas repartidores protestaron y cerraron el centro de Xalapa para exigir la liberaci\u00f3n de Antonio de Jes\u00fas \u201cN\u201d, acusado como presunto autor material del homicidio de la directora del portal El Veraz, Yessenia Mollinedo Falconi y la reportera Sheila Johana Garc\u00eda Olivera, en el municipio de Cosoleacaque, el pasado 9 de [&hellip;]<\/p>\n","protected":false},"author":1,"featured_media":27335,"comment_status":"open","ping_status":"open","sticky":false,"template":"","format":"standard","meta":{"_jetpack_memberships_contains_paid_content":false,"footnotes":""},"categories":[2],"tags":[],"class_list":["post-27334","post","type-post","status-publish","format-standard","has-post-thumbnail","hentry","category-estado"],"jetpack_featured_media_url":"https:\/\/encuentroinformativo.com.mx\/wp-content\/uploads\/2022\/05\/52D13231-2CBF-4172-8BB7-400D98539E0A.jpeg","jetpack_sharing_enabled":true,"jetpack_likes_enabled":true,"amp_enabled":true,"_links":{"self":[{"href":"https:\/\/encuentroinformativo.com.mx\/index.php?rest_route=\/wp\/v2\/posts\/27334","targetHints":{"allow":["GET"]}}],"collection":[{"href":"https:\/\/encuentroinformativo.com.mx\/index.php?rest_route=\/wp\/v2\/posts"}],"about":[{"href":"https:\/\/encuentroinformativo.com.mx\/index.php?rest_route=\/wp\/v2\/types\/post"}],"author":[{"embeddable":true,"href":"https:\/\/encuentroinformativo.com.mx\/index.php?rest_route=\/wp\/v2\/users\/1"}],"replies":[{"embeddable":true,"href":"https:\/\/encuentroinformativo.com.mx\/index.php?rest_route=%2Fwp%2Fv2%2Fcomments&post=27334"}],"version-history":[{"count":1,"href":"https:\/\/encuentroinformativo.com.mx\/index.php?rest_route=\/wp\/v2\/posts\/27334\/revisions"}],"predecessor-version":[{"id":27337,"href":"https:\/\/encuentroinformativo.com.mx\/index.php?rest_route=\/wp\/v2\/posts\/27334\/revisions\/27337"}],"wp:featuredmedia":[{"embeddable":true,"href":"https:\/\/encuentroinformativo.com.mx\/index.php?rest_route=\/wp\/v2\/media\/27335"}],"wp:attachment":[{"href":"https:\/\/encuentroinformativo.com.mx\/index.php?rest_route=%2Fwp%2Fv2%2Fmedia&parent=27334"}],"wp:term":[{"taxonomy":"category","embeddable":true,"href":"https:\/\/encuentroinformativo.com.mx\/index.php?rest_route=%2Fwp%2Fv2%2Fcategories&post=27334"},{"taxonomy":"post_tag","embeddable":true,"href":"https:\/\/encuentroinformativo.com.mx\/index.php?rest_route=%2Fwp%2Fv2%2Ftags&post=27334"}],"curies":[{"name":"wp","href":"https:\/\/api.w.org\/{rel}","templated":true}]}}