{"id":27338,"date":"2022-05-17T21:16:08","date_gmt":"2022-05-18T02:16:08","guid":{"rendered":"https:\/\/encuentroinformativo.com.mx\/?p=27338"},"modified":"2022-05-17T21:16:11","modified_gmt":"2022-05-18T02:16:11","slug":"ayuntamiento-de-boca-del-rio-firma-convenio-en-beneficio-de-la-asistencia-social-y-educativa","status":"publish","type":"post","link":"https:\/\/encuentroinformativo.com.mx\/?p=27338","title":{"rendered":"Ayuntamiento de Boca del R\u00edo firma convenio en beneficio de la asistencia social y educativa"},"content":{"rendered":"\n<p><strong>*<em>Se busca el desarrollo de habilidades y la incorporaci\u00f3n de valores que favorecen el proceso de la formaci\u00f3n educativa y el desarrollo del alumno<\/em>.<\/strong><\/p>\n\n\n\n<p>Boca del R\u00edo, El Gobierno Municipal de Boca del R\u00edo, se vincula con distintos sectores de la sociedad veracruzana, con la finalidad primordial, de generar un enlace e interaccionar de manera colegiada, como por ejemplo en el \u00e1mbito empresarial, comercial, ciudadano, p\u00fablico y privado, as\u00ed como el educativo.<\/p>\n\n\n\n<p>Juan Manuel Un\u00e1nue Abascal, Presidente Municipal de Boca del R\u00edo, se\u00f1al\u00f3 que la finalidad es alcanzar un beneficio y desarrollo de la poblaci\u00f3n, buscando y contribuyendo con el mejoramiento del nivel educativo, desarrollo de habilidades y capacitaci\u00f3n, mismo que se reflejar\u00e1 en un incremento en la calidad de la prestaci\u00f3n de servicios, en mejores ingresos y bienestar com\u00fan de la ciudadan\u00eda de municipio de Boca del R\u00edo.<\/p>\n\n\n\n<p>Dijo, que con la firma de convenio con el Centro de Estudios Veracruz (CEV), a cargo del rector, el maestro Carlos Ra\u00fal Vel\u00e1zquez Hernandez, se busca el desarrollo de habilidades y la incorporaci\u00f3n de valores que favorecen el proceso de la formaci\u00f3n educativa y el desarrollo del alumno, pero principalmente de su entorno y con la realidad que impera.<\/p>\n\n\n\n<p>\u201cEl principal inter\u00e9s mutuo de la firma del convenio, es en virtud de satisfacer las necesidades de asistencia social, bienestar e inter\u00e9s general de todos los habitantes del municipio\u201d, apunto Un\u00e1nue Abascal.<\/p>\n\n\n\n<p>Adem\u00e1s, se busca desarrollar proyectos e investigaciones, as\u00ed como la organizaci\u00f3n de actividades acad\u00e9micas con el \u00fanico fin de solucionar problemas de \u00edndole socioecon\u00f3mico en beneficio de la sociedad de Boca del R\u00edo.<\/p>\n\n\n\n<p>Entre los beneficios que se obtendr\u00e1n son: becas, asesor\u00eda legal y empresarial, programas de servicio social y pr\u00e1cticas profesionales, capacitaci\u00f3n y actualizaci\u00f3n gratuita para alumnos de primaria, programas de educaci\u00f3n continua y bolsa de trabajo.<\/p>\n\n\n\n<p>\u201cEncabezaremos un gobierno sensible a las necesidades de la gente, un gobierno muy cercano para d\u00eda con d\u00eda ir solucionando los problemas que tiene la ciudad\u201d, finaliz\u00f3 el edil.<\/p>\n","protected":false},"excerpt":{"rendered":"<p>*Se busca el desarrollo de habilidades y la incorporaci\u00f3n de valores que favorecen el proceso de la formaci\u00f3n educativa y el desarrollo del alumno. Boca del R\u00edo, El Gobierno Municipal de Boca del R\u00edo, se vincula con distintos sectores de la sociedad veracruzana, con la finalidad primordial, de generar un enlace e interaccionar de manera [&hellip;]<\/p>\n","protected":false},"author":1,"featured_media":27339,"comment_status":"open","ping_status":"open","sticky":false,"template":"","format":"standard","meta":{"_jetpack_memberships_contains_paid_content":false,"footnotes":""},"categories":[2],"tags":[],"class_list":["post-27338","post","type-post","status-publish","format-standard","has-post-thumbnail","hentry","category-estado"],"jetpack_featured_media_url":"https:\/\/encuentroinformativo.com.mx\/wp-content\/uploads\/2022\/05\/AD8B588F-3C17-42B2-9DEE-C57525FA01CF.jpeg","jetpack_sharing_enabled":true,"jetpack_likes_enabled":true,"amp_enabled":true,"_links":{"self":[{"href":"https:\/\/encuentroinformativo.com.mx\/index.php?rest_route=\/wp\/v2\/posts\/27338","targetHints":{"allow":["GET"]}}],"collection":[{"href":"https:\/\/encuentroinformativo.com.mx\/index.php?rest_route=\/wp\/v2\/posts"}],"about":[{"href":"https:\/\/encuentroinformativo.com.mx\/index.php?rest_route=\/wp\/v2\/types\/post"}],"author":[{"embeddable":true,"href":"https:\/\/encuentroinformativo.com.mx\/index.php?rest_route=\/wp\/v2\/users\/1"}],"replies":[{"embeddable":true,"href":"https:\/\/encuentroinformativo.com.mx\/index.php?rest_route=%2Fwp%2Fv2%2Fcomments&post=27338"}],"version-history":[{"count":1,"href":"https:\/\/encuentroinformativo.com.mx\/index.php?rest_route=\/wp\/v2\/posts\/27338\/revisions"}],"predecessor-version":[{"id":27340,"href":"https:\/\/encuentroinformativo.com.mx\/index.php?rest_route=\/wp\/v2\/posts\/27338\/revisions\/27340"}],"wp:featuredmedia":[{"embeddable":true,"href":"https:\/\/encuentroinformativo.com.mx\/index.php?rest_route=\/wp\/v2\/media\/27339"}],"wp:attachment":[{"href":"https:\/\/encuentroinformativo.com.mx\/index.php?rest_route=%2Fwp%2Fv2%2Fmedia&parent=27338"}],"wp:term":[{"taxonomy":"category","embeddable":true,"href":"https:\/\/encuentroinformativo.com.mx\/index.php?rest_route=%2Fwp%2Fv2%2Fcategories&post=27338"},{"taxonomy":"post_tag","embeddable":true,"href":"https:\/\/encuentroinformativo.com.mx\/index.php?rest_route=%2Fwp%2Fv2%2Ftags&post=27338"}],"curies":[{"name":"wp","href":"https:\/\/api.w.org\/{rel}","templated":true}]}}