{"id":2734,"date":"2020-05-22T11:26:42","date_gmt":"2020-05-22T16:26:42","guid":{"rendered":"https:\/\/encuentroinformativo.com\/?p=2734"},"modified":"2020-05-22T11:26:44","modified_gmt":"2020-05-22T16:26:44","slug":"quien-esta-calentando-actopan-y-para-que","status":"publish","type":"post","link":"https:\/\/encuentroinformativo.com.mx\/?p=2734","title":{"rendered":"\u00bfQUI\u00c9N EST\u00c1 CALENTANDO ACTOPAN Y PARA QU\u00c9?"},"content":{"rendered":"\n<ul class=\"wp-block-list\"><li>Que siempre s\u00ed respetan proyectos de energ\u00eda limpia.<\/li><li>La UV confirma que no regresa el 1 de junio.<\/li><li>Se le cay\u00f3 a Bartlett el sistema el\u00e9ctrico.<\/li><\/ul>\n\n\n\n<p>Van 62 de 107 ayuntamientos necesarios para la Reforma Electoral en Veracruz.<br>\n&#8211;Chopenjawer contando.<\/p>\n\n\n\n<p>El 25 de junio de 2017, en la poblaci\u00f3n de Cardel, ejecutaban a Juan Camilo Castagn\u00e9 Velasco, coordinador estatal de la Polic\u00eda Federal en Veracruz, al interior del popular restaurante de mariscos &#8220;La Bamba&#8221;. Junto a \u00e9l tambi\u00e9n fue asesinado un oficial.<\/p>\n\n\n\n<p>Era la primera vez que ejecutaban a un alto mando de la Polic\u00eda Federal en Veracruz, y se dio justo en el gobierno de quien se supone se vend\u00eda como experto en seguridad: Miguel \u00c1ngel Yunes Linares. Al d\u00eda siguiente anunci\u00f3 recompensas al puro estilo del viejo oeste y se supone que ya ten\u00eda identificado a los culpables, mismos que despu\u00e9s fueron capturados en Puebla.<\/p>\n\n\n\n<p>A ra\u00edz de ese suceso, investigaciones internas revelaron tambi\u00e9n que escoltas o jefes de seguridad de altos funcionarios estaban pasando informaci\u00f3n a grupos delincuenciales, pero prefirieron mantener esto en secreto. No obstante, algunos mandos, ante las acusaciones, emprendieron la huida dejando hasta pertenencias en los lockers del cuartel San Jos\u00e9, en Xalapa; otros se retiraron silenciosamente o simplemente desaparecieron del radar cuando se supo que la Federaci\u00f3n andaba rastreando con sus sabuesos para rascarle m\u00e1s al caso del homicidio de Castagn\u00e9 Velasco.<\/p>\n\n\n\n<p>Tal fue el caso de Alfredo Vera, clave &#8220;Tango&#8221; o &#8220;Jaguar&#8221;, quien era jefe de escoltas del propio secretario de Seguridad P\u00fablica, Jaime T\u00e9llez Mari\u00e9, pero de la noche a la ma\u00f1ana, se esfum\u00f3.<\/p>\n\n\n\n<p>El comandante Vera era muy cercano al c\u00edrculo del poder yunista. A \u00e9l, por ejemplo, se le puede ver en el video donde Yunes Linares trata de contener a la turba que saqueaba la tienda Chedraui Las Brisas. Ese d\u00eda, el entonces gobernador ten\u00eda una reuni\u00f3n con empresarios en el hotel Fiesta Americana de Boca del R\u00edo, pero se desvi\u00f3 al centro comercial donde estaban los desmanes.<\/p>\n\n\n\n<p>Ah\u00ed en el video (que por cierto grab\u00f3 su camar\u00f3grafo personal, Jorge &#8220;N&#8221;, el exfiscal pr\u00f3fugo de la justicia) se ve a Yunes como persiguiendo pollos en el rancho, todo desorientado, pero atr\u00e1s de \u00e9l aparece un personaje con un chaleco negro que dice &#8220;Fuerza Civil&#8221;. Ese es Alfredo Vera y es quien llega de respaldo al gobernador.<\/p>\n\n\n\n<p>Vera tambi\u00e9n es conocido desde hace mucho en Seguridad P\u00fablica. Se sabe que tambi\u00e9n lleg\u00f3 a ser escolta del entonces subsecretario de Gobierno, Marlon Ram\u00edrez Mar\u00edn, hoy dirigente estatal del PRI.<\/p>\n\n\n\n<p>A este personaje recientemente lo ubican trabajando en la Polic\u00eda Estatal de Caminos en Puebla, pero por una extra\u00f1a raz\u00f3n ya desert\u00f3 y ahora dicen que lo han visto por el rumbo de Actopan, donde dicen que ya lleva rato refugiado y trabajando. Se desconoce si lleg\u00f3 con el alcalde destituido, pero todo indica que as\u00ed fue.<\/p>\n\n\n\n<p>Pero a Vera lo reconocen su experiencia en el \u00e1mbito de seguridad y dicen que hasta tiene m\u00e1s peso que el comandante local de la Fuerza Civil en la regi\u00f3n. El asunto es que &#8220;Tango&#8221; o &#8220;Jaguar&#8221; no puede asomar mucho la cabeza o tratar de reincorporarse a la SSP, porque de inmediato ser\u00eda detectado por el \u00e1rea de Asuntos Internos y procesado.<\/p>\n\n\n\n<p>Por otra parte, Actopan recientemente fue nota estatal pese al hermetismo. Por la noche del martes 19, se supo que hubo una situaci\u00f3n donde un comando atac\u00f3 a un grupo de j\u00f3venes que se encontraba en el parque de la comunidad Coyolillo (un sitio muy tranquilo y emblem\u00e1tico, famoso a nivel nacional por su comunidad afromexicana).<\/p>\n\n\n\n<p>De acuerdo a los datos, en esos hechos mataron a una persona, hirieron a otra y &#8220;levantaron&#8221; a cinco m\u00e1s, dejando varios casquillos de calibre .223 en el parque. Horas m\u00e1s tarde, de esas cinco aparecieron dos ejecutados (en los l\u00edmites de los municipios Juchique de Ferrer y Alto Lucero) y tres torturados, pero vivos.<\/p>\n\n\n\n<p>Hasta el momento no se tienen noticias oficiales sobre qu\u00e9 pas\u00f3 realmente en Coyolillo; afortunadamente no ha habido otro hecho sangriento, pero sin duda algo anda pasando por all\u00e1, en una zona del silencio donde se refugian personajes como &#8220;Tango&#8221; o \u201cJaguar\u201d.<\/p>\n\n\n\n<p><strong>NOTA PARA PEGAR EN EL REFRI: <\/strong>Que al parecer, pese al fuchi-caca que le hace el presidente L\u00f3pez Obrador a la energ\u00eda e\u00f3lica quesque porque afea el paisaje mexicano y adem\u00e1s (seg\u00fan su percepci\u00f3n) detr\u00e1s de todo eso hay corrupci\u00f3n, los sendos amparos que interpusieron las empresas afectadas echaron para atr\u00e1s la ofensiva del gobierno federal para cancelarle los proyectos y este jueves ya salieron m\u00e1s moderados tanto AMLO como la secretaria de Energ\u00eda, asegurando que se van a respetar los contratos y que solamente se dedicar\u00e1n a defender la postura del gobierno de la Cuarta Transformaci\u00f3n en el sentido del combate a la corrupci\u00f3n, pero ya se permitir\u00e1n que reanuden operaciones, seg\u00fan informaci\u00f3n de la revista Forbes (esa donde sale puro fif\u00ed).<\/p>\n\n\n\n<p><strong>OTRA NOTA: <\/strong>Lo que ya adelantaba el famoso dirigente de los catedr\u00e1ticos de la UV, &#8220;Papo&#8221; Levet, lo confirm\u00f3 este jueves en un comunicado la Universidad Veracruzana y la rectora Sara Ladr\u00f3n de Guevara en Twitter: se ve inviable el regreso a actividades universitarias este 1 de junio y definitivamente todo se habr\u00e1 de posponer, inclusive el examen para los de nuevo ingreso. Este tema se torna interesante, pues todav\u00eda no se sabe qu\u00e9 porcentaje ten\u00edan de avanzado en el semestre y si lo podr\u00e1n complementar con plataformas virtuales para calificar el semestre, que a estas alturas ya deber\u00eda de haber terminado.<\/p>\n\n\n\n<p><strong>LA \u00daLTIMA PORQUE MA\u00d1ANA MOVEMOS MUEBLES: <\/strong>Que por la madrugada de este jueves hubo sendos apagones toda la noche en Minatitl\u00e1n y Tuxpan, en plena temporada de fuertes calores. \u00bfSe le habr\u00e1 ca\u00eddo el sistema el\u00e9ctrico a Bartlett?<br><\/p>\n\n\n\n<p><strong> @pablojair<\/strong><\/p>\n","protected":false},"excerpt":{"rendered":"<p>Que siempre s\u00ed respetan proyectos de energ\u00eda limpia. La UV confirma que no regresa el 1 de junio. Se le cay\u00f3 a Bartlett el sistema el\u00e9ctrico. Van 62 de 107 ayuntamientos necesarios para la Reforma Electoral en Veracruz. &#8211;Chopenjawer contando. El 25 de junio de 2017, en la poblaci\u00f3n de Cardel, ejecutaban a Juan Camilo [&hellip;]<\/p>\n","protected":false},"author":1,"featured_media":488,"comment_status":"open","ping_status":"open","sticky":false,"template":"","format":"standard","meta":{"_jetpack_memberships_contains_paid_content":false,"footnotes":""},"categories":[11],"tags":[],"class_list":["post-2734","post","type-post","status-publish","format-standard","has-post-thumbnail","hentry","category-opinion"],"jetpack_featured_media_url":"https:\/\/encuentroinformativo.com.mx\/wp-content\/uploads\/2020\/03\/F471F608-BA1A-416B-BA7B-BCFB24F4E6D0.jpeg","jetpack_sharing_enabled":true,"jetpack_likes_enabled":true,"amp_enabled":true,"_links":{"self":[{"href":"https:\/\/encuentroinformativo.com.mx\/index.php?rest_route=\/wp\/v2\/posts\/2734","targetHints":{"allow":["GET"]}}],"collection":[{"href":"https:\/\/encuentroinformativo.com.mx\/index.php?rest_route=\/wp\/v2\/posts"}],"about":[{"href":"https:\/\/encuentroinformativo.com.mx\/index.php?rest_route=\/wp\/v2\/types\/post"}],"author":[{"embeddable":true,"href":"https:\/\/encuentroinformativo.com.mx\/index.php?rest_route=\/wp\/v2\/users\/1"}],"replies":[{"embeddable":true,"href":"https:\/\/encuentroinformativo.com.mx\/index.php?rest_route=%2Fwp%2Fv2%2Fcomments&post=2734"}],"version-history":[{"count":1,"href":"https:\/\/encuentroinformativo.com.mx\/index.php?rest_route=\/wp\/v2\/posts\/2734\/revisions"}],"predecessor-version":[{"id":2735,"href":"https:\/\/encuentroinformativo.com.mx\/index.php?rest_route=\/wp\/v2\/posts\/2734\/revisions\/2735"}],"wp:featuredmedia":[{"embeddable":true,"href":"https:\/\/encuentroinformativo.com.mx\/index.php?rest_route=\/wp\/v2\/media\/488"}],"wp:attachment":[{"href":"https:\/\/encuentroinformativo.com.mx\/index.php?rest_route=%2Fwp%2Fv2%2Fmedia&parent=2734"}],"wp:term":[{"taxonomy":"category","embeddable":true,"href":"https:\/\/encuentroinformativo.com.mx\/index.php?rest_route=%2Fwp%2Fv2%2Fcategories&post=2734"},{"taxonomy":"post_tag","embeddable":true,"href":"https:\/\/encuentroinformativo.com.mx\/index.php?rest_route=%2Fwp%2Fv2%2Ftags&post=2734"}],"curies":[{"name":"wp","href":"https:\/\/api.w.org\/{rel}","templated":true}]}}