{"id":27347,"date":"2022-05-18T09:30:18","date_gmt":"2022-05-18T14:30:18","guid":{"rendered":"https:\/\/encuentroinformativo.com.mx\/?p=27347"},"modified":"2022-05-18T10:08:48","modified_gmt":"2022-05-18T15:08:48","slug":"liberan-a-detenido-por-homicidio-de-periodistas-fge-se-equivoco","status":"publish","type":"post","link":"https:\/\/encuentroinformativo.com.mx\/?p=27347","title":{"rendered":"Liberan a detenido por homicidio de periodistas; FGE se equivoc\u00f3"},"content":{"rendered":"\n<p><strong>Juan Arcos <\/strong><\/p>\n\n\n\n<p>Xalapa, Ver.- La Fiscal\u00eda General del Estado (FGE) liber\u00f3 a Antonio de Jes\u00fas \u201cN\u201d, se\u00f1alado como presunto implicado en el asesinato de las reporteras Yessenia Mollinedo Falconi y Sheila Johana Garc\u00eda Olivera.<\/p>\n\n\n\n<p>En un comunicado, la dependencia estatal, a cargo de Ver\u00f3nica Hern\u00e1ndez Giad\u00e1ns, indic\u00f3 que la persona detenida por elementos de la Coordinaci\u00f3n Nacional Antisecuestros (CONASE) no corresponde a la se\u00f1alada por el homicidio doloso calificado.<\/p>\n\n\n\n<p>Presuntamente se valid\u00f3 la identidad del joven por parte de la Fiscal\u00eda y se determin\u00f3 que se trat\u00f3 de una homonimia, es decir, que el detenido no tiene los mismos nombres y apellidos de la persona que es buscada por la autoridad competente.<\/p>\n\n\n\n<p>En ese sentido, la Fiscal\u00eda tambi\u00e9n dio a conocer que Antonio de Jes\u00fas fue liberado de inmediato para no vulnerar sus derechos.<\/p>\n\n\n\n<p>La tarde del martes 17 de mayo, motociclistas repartidores protestaron y cerraron el centro de la ciudad de Xalapa para exigir la liberaci\u00f3n de su compa\u00f1ero Antonio de Jes\u00fas, acusado como presunto autor material del doble homicidio.<\/p>\n\n\n\n<p>Los quejosos indicaron que el se\u00f1alado pudo haber sido confundido con alguna persona que realmente est\u00e9 involucrada en el doble crimen mencionado.<\/p>\n\n\n\n<p>\u201cEs un compa\u00f1ero que est\u00e1 detenido injustificadamente y venimos a pedir que lo liberen, que hagan la averiguaci\u00f3n que tienen que hacer y no nada m\u00e1s agarrar a un presunto culpable\u201d, expresaron los manifestantes.<\/p>\n\n\n\n<p>Al sitio acudi\u00f3 tambi\u00e9n Kevin Salda\u00f1a Mart\u00ednez, para externar que su primo Antonio es inocente y que contaba con pruebas de que el joven, de 20 a\u00f1os, estuvo laborando como repartidor el d\u00eda en que ocurri\u00f3 el crimen de las reporteras.<\/p>\n\n\n\n<p>Adem\u00e1s, revel\u00f3 que Antonio de Jes\u00fas es estudiante del segundo semestre en el Instituto Tecnol\u00f3gico Superior de Xalapa (ITSX) y que fue detenido cerca de su domicilio, en el Camino Antiguo hacia Naolinco, en la capital de Veracruz.<\/p>\n\n\n\n<p>Contin\u00faa el operativo de b\u00fasqueda coordinada con autoridades federales y estatales para dar con los presuntos responsables del asesinato de Yessenia y Sheila Johana, el pasado 9 de mayo en el municipio de Cosoleacaque, al sur del estado de Veracruz.<\/p>\n\n\n\n<p><\/p>\n","protected":false},"excerpt":{"rendered":"<p>Juan Arcos Xalapa, Ver.- La Fiscal\u00eda General del Estado (FGE) liber\u00f3 a Antonio de Jes\u00fas \u201cN\u201d, se\u00f1alado como presunto implicado en el asesinato de las reporteras Yessenia Mollinedo Falconi y Sheila Johana Garc\u00eda Olivera. En un comunicado, la dependencia estatal, a cargo de Ver\u00f3nica Hern\u00e1ndez Giad\u00e1ns, indic\u00f3 que la persona detenida por elementos de la [&hellip;]<\/p>\n","protected":false},"author":1,"featured_media":27349,"comment_status":"open","ping_status":"open","sticky":false,"template":"","format":"standard","meta":{"_jetpack_memberships_contains_paid_content":false,"footnotes":""},"categories":[2],"tags":[],"class_list":["post-27347","post","type-post","status-publish","format-standard","has-post-thumbnail","hentry","category-estado"],"jetpack_featured_media_url":"https:\/\/encuentroinformativo.com.mx\/wp-content\/uploads\/2022\/05\/6B68A466-9466-4A1C-A780-ECCC2E9504B2.jpeg","jetpack_sharing_enabled":true,"jetpack_likes_enabled":true,"amp_enabled":true,"_links":{"self":[{"href":"https:\/\/encuentroinformativo.com.mx\/index.php?rest_route=\/wp\/v2\/posts\/27347","targetHints":{"allow":["GET"]}}],"collection":[{"href":"https:\/\/encuentroinformativo.com.mx\/index.php?rest_route=\/wp\/v2\/posts"}],"about":[{"href":"https:\/\/encuentroinformativo.com.mx\/index.php?rest_route=\/wp\/v2\/types\/post"}],"author":[{"embeddable":true,"href":"https:\/\/encuentroinformativo.com.mx\/index.php?rest_route=\/wp\/v2\/users\/1"}],"replies":[{"embeddable":true,"href":"https:\/\/encuentroinformativo.com.mx\/index.php?rest_route=%2Fwp%2Fv2%2Fcomments&post=27347"}],"version-history":[{"count":2,"href":"https:\/\/encuentroinformativo.com.mx\/index.php?rest_route=\/wp\/v2\/posts\/27347\/revisions"}],"predecessor-version":[{"id":27350,"href":"https:\/\/encuentroinformativo.com.mx\/index.php?rest_route=\/wp\/v2\/posts\/27347\/revisions\/27350"}],"wp:featuredmedia":[{"embeddable":true,"href":"https:\/\/encuentroinformativo.com.mx\/index.php?rest_route=\/wp\/v2\/media\/27349"}],"wp:attachment":[{"href":"https:\/\/encuentroinformativo.com.mx\/index.php?rest_route=%2Fwp%2Fv2%2Fmedia&parent=27347"}],"wp:term":[{"taxonomy":"category","embeddable":true,"href":"https:\/\/encuentroinformativo.com.mx\/index.php?rest_route=%2Fwp%2Fv2%2Fcategories&post=27347"},{"taxonomy":"post_tag","embeddable":true,"href":"https:\/\/encuentroinformativo.com.mx\/index.php?rest_route=%2Fwp%2Fv2%2Ftags&post=27347"}],"curies":[{"name":"wp","href":"https:\/\/api.w.org\/{rel}","templated":true}]}}