{"id":27351,"date":"2022-05-18T11:41:57","date_gmt":"2022-05-18T16:41:57","guid":{"rendered":"https:\/\/encuentroinformativo.com.mx\/?p=27351"},"modified":"2022-05-18T11:42:01","modified_gmt":"2022-05-18T16:42:01","slug":"con-bloqueos-reclaman-aulas-para-escuela-de-tlacolulan","status":"publish","type":"post","link":"https:\/\/encuentroinformativo.com.mx\/?p=27351","title":{"rendered":"Con bloqueos, reclaman aulas para escuela de Tlacolulan"},"content":{"rendered":"\n<p><strong>Dar\u00edo Pale <\/strong><\/p>\n\n\n\n<p>Xalapa, Ver.- Habitantes de Tlacolulan se manifestaron y cerraron la calle de Enr\u00edquez ya que en la escuela primaria Juana Pav\u00f3n no les han cumplido con la construcci\u00f3n de cinco aulas las cuales seg\u00fan espacios educativos les construir\u00e1 solo dos.<\/p>\n\n\n\n<p>Entrevistado durante la manifestaci\u00f3n el se\u00f1or Sergio Rodr\u00edguez presidente de la sociedad de padres de familia de dicha escuela se\u00f1al\u00f3 que el gobernador les hab\u00eda prometido la construcci\u00f3n de cinco aulas pero no ser\u00e1 as\u00ed por lo cual vinieron a exigir que cumpla su palabra.<\/p>\n\n\n\n<p>Dieron a conocer que seg\u00fan Espacios Educativos les inform\u00f3 que solo construir\u00e1n dos aulas, por lo que los padres de familia vinieron a exigir al gobernador que les cumplan los que les hab\u00edan prometido que son cinco aulas ya que est\u00e1n tomando clases en casas particulares.<\/p>\n\n\n\n<p>Se\u00f1alaron que no es justo que que sus hijos no tengan donde estudiar ya que la matr\u00edcula de la escuela es de 220 alumnos ya que por pandemia muchos alumnos tuvieron que emigrar a otras escuelas ya une el plantel no tiene todas las aulas.<\/p>\n\n\n\n<p>Acusaron que la Secretar\u00eda de Educaci\u00f3n de Veracruz, solo les entreg\u00f3 2 de las 5 que les prometieron, por lo que piden la intervenci\u00f3n del gobernador de Veracruz y esto ya tiene m\u00e1s de dos a\u00f1os.<\/p>\n\n\n\n<p>&#8220;Venimos exigiendo lo que es al se\u00f1or gobernador nos cumplan con la construcci\u00f3n de 5 aulas, de las cuales, espacios educativo nos da una respuesta que solo nos va a construir dos de las cinco que nos dijeron&#8221;, coment\u00f3 el presidente de la asociaci\u00f3n de Padres de Familia, Sergio Rodr\u00edguez.<\/p>\n\n\n\n<p>Dijo que los menores est\u00e1n tomando clases en casas particulares, es decir, no dentro del plantel educativo, situaci\u00f3n que ha generado inconformidad pues es una matricula de 220 alumnos y alumnas.<\/p>\n\n\n\n<p>\u201cHay alumnos que han migrado a otras escuelas porque no pueden tomar clases en esta, nos faltan 5 aulas, y ellos tienen que buscar la educaci\u00f3n&#8221;, se\u00f1al\u00f3.<\/p>\n\n\n\n<p>Finalmente se\u00f1al\u00f3 que las aulas ya fueron demolidas ya que as\u00ed se los solicitaron, ya entregaron la documentaci\u00f3n correspondiente para cinco aulas y ahora solo les informaron que van a construir dos ya que seg\u00fan el gobierno les redujo el presupuesto.<\/p>\n","protected":false},"excerpt":{"rendered":"<p>Dar\u00edo Pale Xalapa, Ver.- Habitantes de Tlacolulan se manifestaron y cerraron la calle de Enr\u00edquez ya que en la escuela primaria Juana Pav\u00f3n no les han cumplido con la construcci\u00f3n de cinco aulas las cuales seg\u00fan espacios educativos les construir\u00e1 solo dos. Entrevistado durante la manifestaci\u00f3n el se\u00f1or Sergio Rodr\u00edguez presidente de la sociedad de [&hellip;]<\/p>\n","protected":false},"author":1,"featured_media":27352,"comment_status":"open","ping_status":"open","sticky":false,"template":"","format":"standard","meta":{"_jetpack_memberships_contains_paid_content":false,"footnotes":""},"categories":[3],"tags":[],"class_list":["post-27351","post","type-post","status-publish","format-standard","has-post-thumbnail","hentry","category-xalapa"],"jetpack_featured_media_url":"https:\/\/encuentroinformativo.com.mx\/wp-content\/uploads\/2022\/05\/4D1BB3F3-E650-4054-99C9-7CD7D8FBD822.jpeg","jetpack_sharing_enabled":true,"jetpack_likes_enabled":true,"amp_enabled":true,"_links":{"self":[{"href":"https:\/\/encuentroinformativo.com.mx\/index.php?rest_route=\/wp\/v2\/posts\/27351","targetHints":{"allow":["GET"]}}],"collection":[{"href":"https:\/\/encuentroinformativo.com.mx\/index.php?rest_route=\/wp\/v2\/posts"}],"about":[{"href":"https:\/\/encuentroinformativo.com.mx\/index.php?rest_route=\/wp\/v2\/types\/post"}],"author":[{"embeddable":true,"href":"https:\/\/encuentroinformativo.com.mx\/index.php?rest_route=\/wp\/v2\/users\/1"}],"replies":[{"embeddable":true,"href":"https:\/\/encuentroinformativo.com.mx\/index.php?rest_route=%2Fwp%2Fv2%2Fcomments&post=27351"}],"version-history":[{"count":1,"href":"https:\/\/encuentroinformativo.com.mx\/index.php?rest_route=\/wp\/v2\/posts\/27351\/revisions"}],"predecessor-version":[{"id":27353,"href":"https:\/\/encuentroinformativo.com.mx\/index.php?rest_route=\/wp\/v2\/posts\/27351\/revisions\/27353"}],"wp:featuredmedia":[{"embeddable":true,"href":"https:\/\/encuentroinformativo.com.mx\/index.php?rest_route=\/wp\/v2\/media\/27352"}],"wp:attachment":[{"href":"https:\/\/encuentroinformativo.com.mx\/index.php?rest_route=%2Fwp%2Fv2%2Fmedia&parent=27351"}],"wp:term":[{"taxonomy":"category","embeddable":true,"href":"https:\/\/encuentroinformativo.com.mx\/index.php?rest_route=%2Fwp%2Fv2%2Fcategories&post=27351"},{"taxonomy":"post_tag","embeddable":true,"href":"https:\/\/encuentroinformativo.com.mx\/index.php?rest_route=%2Fwp%2Fv2%2Ftags&post=27351"}],"curies":[{"name":"wp","href":"https:\/\/api.w.org\/{rel}","templated":true}]}}