{"id":27356,"date":"2022-05-18T12:59:07","date_gmt":"2022-05-18T17:59:07","guid":{"rendered":"https:\/\/encuentroinformativo.com.mx\/?p=27356"},"modified":"2022-05-18T12:59:11","modified_gmt":"2022-05-18T17:59:11","slug":"protestan-contra-desapariciones-forzadas","status":"publish","type":"post","link":"https:\/\/encuentroinformativo.com.mx\/?p=27356","title":{"rendered":"Protestan contra desapariciones forzadas"},"content":{"rendered":"\n<p><strong>Juan Arcos <\/strong><\/p>\n\n\n\n<p>Xalapa, Ver.- Activistas y familiares de desaparecidos protestaron frente a Palacio de Gobierno para denunciar que las autoridades han permitido el delito de desaparici\u00f3n forzada en el estado de Veracruz.<\/p>\n\n\n\n<p>Se\u00f1alaron que el 26 de noviembre de 2013, Jos\u00e9 Manuel Hern\u00e1ndez Ortiz y Juli\u00e1n Rosado Dom\u00ednguez junto conotros tres j\u00f3venes fueron intervenidos por polic\u00edas estatales y posteriormente trasladados a un ret\u00e9n instalado entre los municipios de Xalapa y Actopan.<\/p>\n\n\n\n<p>Las v\u00edctimas se comunicaron con sus familiares e indicaron que los elementos de la Secretar\u00eda de Seguridad P\u00fablica (SSP) los trasladar\u00edan a las instalaciones del cuartel \u201cHeriberto Jara Corona\u201d, mejor conocido como \u201cSan Jos\u00e9\u201d, lugar al que nunca llegaron y, desde ese momento se desconoce su paradero.<\/p>\n\n\n\n<p>La activista Ana\u00eds Palacios Hern\u00e1ndez acus\u00f3 que las autoridades \u201cencubr\u00edan\u201d a los responsables de la desaparici\u00f3n forzada y que hay procesos penales abiertos en Veracruz sobre este tema.<\/p>\n\n\n\n<p>La entrevistada indic\u00f3 que el martes 17 de mayo fue detenido uno de los polic\u00edas estatales que permanec\u00eda en activo y presuntamente participaron en la desaparici\u00f3n forzada de los cinco j\u00f3venes.<\/p>\n\n\n\n<p>\u201cTodav\u00eda en Veracruz venimos arrastrando la impunidad que dejaron gobiernos anteriores y que cae en blandito para no ser investigado como debe de ser, por eso hablar de la debida diligencia\u201d, expres\u00f3.<\/p>\n\n\n\n<p>Ana\u00eds Palacios se\u00f1al\u00f3 que la falta de credibilidad en la palabra de las v\u00edctimas y las acciones pocos contundentes de las autoridades permitieron que se perpetuara el delito de desaparici\u00f3n forzada y que quedara impune, en el caso mencionado.<\/p>\n\n\n\n<p>Record\u00f3 que en 2013 se registraron varios casos de desaparici\u00f3n de j\u00f3venes, durante el sexenio de Javier Duarte de Ochoa, quien tambi\u00e9n es se\u00f1alado de dicho delito.<\/p>\n\n\n\n<p>\u201cLa desaparici\u00f3n de estos cinco j\u00f3venes representa un delito de lesa humanidad se traduce en el arresto, la detenci\u00f3n, el secuestro o cualquier otra forma de privaci\u00f3n de libertad que sean obrade agentes del Estado o por personas o grupos de personas que act\u00faan con la autorizaci\u00f3n, el apoyo o la aquiescencia del Estado, seguida de la negativa a reconocer dicha privaci\u00f3n de libertad o del ocultamiento de la suerte o el paradero de la persona desaparecida, sustray\u00e9ndola a la protecci\u00f3n de la ley\u201d, enfatiz\u00f3.<\/p>\n\n\n\n<p>La activista destac\u00f3 que la desaparici\u00f3n de cinco j\u00f3venes de Actopan debe ser un caso ejemplar de sanci\u00f3n a los responsables.<\/p>\n\n\n\n<p>Adem\u00e1s de que la investigaci\u00f3n de la cadena de mando que se sigui\u00f3 para desaparecer y ocultarles, debe ser una garant\u00eda de compromiso llevado a la acci\u00f3n para las familias de estos j\u00f3venes y para los miles de desaparecidos en Veracruz.<\/p>\n","protected":false},"excerpt":{"rendered":"<p>Juan Arcos Xalapa, Ver.- Activistas y familiares de desaparecidos protestaron frente a Palacio de Gobierno para denunciar que las autoridades han permitido el delito de desaparici\u00f3n forzada en el estado de Veracruz. Se\u00f1alaron que el 26 de noviembre de 2013, Jos\u00e9 Manuel Hern\u00e1ndez Ortiz y Juli\u00e1n Rosado Dom\u00ednguez junto conotros tres j\u00f3venes fueron intervenidos por [&hellip;]<\/p>\n","protected":false},"author":1,"featured_media":27355,"comment_status":"open","ping_status":"open","sticky":false,"template":"","format":"standard","meta":{"_jetpack_memberships_contains_paid_content":false,"footnotes":""},"categories":[3],"tags":[],"class_list":["post-27356","post","type-post","status-publish","format-standard","has-post-thumbnail","hentry","category-xalapa"],"jetpack_featured_media_url":"https:\/\/encuentroinformativo.com.mx\/wp-content\/uploads\/2022\/05\/5D3310F2-D9C4-4605-BA36-5F1967AE8C2F.jpeg","jetpack_sharing_enabled":true,"jetpack_likes_enabled":true,"amp_enabled":true,"_links":{"self":[{"href":"https:\/\/encuentroinformativo.com.mx\/index.php?rest_route=\/wp\/v2\/posts\/27356","targetHints":{"allow":["GET"]}}],"collection":[{"href":"https:\/\/encuentroinformativo.com.mx\/index.php?rest_route=\/wp\/v2\/posts"}],"about":[{"href":"https:\/\/encuentroinformativo.com.mx\/index.php?rest_route=\/wp\/v2\/types\/post"}],"author":[{"embeddable":true,"href":"https:\/\/encuentroinformativo.com.mx\/index.php?rest_route=\/wp\/v2\/users\/1"}],"replies":[{"embeddable":true,"href":"https:\/\/encuentroinformativo.com.mx\/index.php?rest_route=%2Fwp%2Fv2%2Fcomments&post=27356"}],"version-history":[{"count":1,"href":"https:\/\/encuentroinformativo.com.mx\/index.php?rest_route=\/wp\/v2\/posts\/27356\/revisions"}],"predecessor-version":[{"id":27357,"href":"https:\/\/encuentroinformativo.com.mx\/index.php?rest_route=\/wp\/v2\/posts\/27356\/revisions\/27357"}],"wp:featuredmedia":[{"embeddable":true,"href":"https:\/\/encuentroinformativo.com.mx\/index.php?rest_route=\/wp\/v2\/media\/27355"}],"wp:attachment":[{"href":"https:\/\/encuentroinformativo.com.mx\/index.php?rest_route=%2Fwp%2Fv2%2Fmedia&parent=27356"}],"wp:term":[{"taxonomy":"category","embeddable":true,"href":"https:\/\/encuentroinformativo.com.mx\/index.php?rest_route=%2Fwp%2Fv2%2Fcategories&post=27356"},{"taxonomy":"post_tag","embeddable":true,"href":"https:\/\/encuentroinformativo.com.mx\/index.php?rest_route=%2Fwp%2Fv2%2Ftags&post=27356"}],"curies":[{"name":"wp","href":"https:\/\/api.w.org\/{rel}","templated":true}]}}